{"id":17600,"date":"2026-01-16T17:54:41","date_gmt":"2026-01-16T17:54:41","guid":{"rendered":"https:\/\/www.abchukuk.com\/index.php\/2026\/01\/16\/hskdan-yargida-tevzi-adaleti-icin-kapsamli-duzenleme\/"},"modified":"2026-01-16T17:54:41","modified_gmt":"2026-01-16T17:54:41","slug":"hskdan-yargida-tevzi-adaleti-icin-kapsamli-duzenleme","status":"publish","type":"post","link":"https:\/\/www.abchukuk.com\/index.php\/2026\/01\/16\/hskdan-yargida-tevzi-adaleti-icin-kapsamli-duzenleme\/","title":{"rendered":"HSK\u2019dan yarg\u0131da tevzi adaleti i\u00e7in kapsaml\u0131 d\u00fczenleme"},"content":{"rendered":"<p class=\"p1\">H\u00e2kimler ve Savc\u0131lar Kurulu taraf\u0131ndan al\u0131nan karar do\u011frultusunda, dosya tevzisindeki dengesizliklere y\u00f6nelik somut bir ad\u0131m at\u0131ld\u0131. Yap\u0131lan g\u00fcncelleme ile, B\u00f6lge Adliye Mahkemelerinden kald\u0131r\u0131larak ya da Yarg\u0131tay\u2019dan bozularak ilk derece mahkemelerine g\u00f6nderilen dosyalar\u0131n adil \u015fekilde da\u011f\u0131t\u0131lmas\u0131 sa\u011flanarak hem mahkemeler aras\u0131ndaki i\u015f y\u00fck\u00fc farklar\u0131n\u0131n azalt\u0131lmas\u0131 hem de yarg\u0131lamalar\u0131n gereksiz \u015fekilde uzamas\u0131n\u0131n \u00f6n\u00fcne ge\u00e7ilmesi ama\u00e7lan\u0131yor.<\/p>\n<p class=\"p1\"><span class=\"s2\">GEC\u0130KMES\u0130Z YARGI MODEL\u0130 DEVREYE ALINDI<\/span><\/p>\n<p class=\"p1\"><span class=\"s2\">S\u00f6z konusu d\u00fczenleme, HSK\u2019n\u0131n 2026 y\u0131l\u0131 hedefleri \u00e7er\u00e7evesinde benimsedi\u011fi \u201cS\u0131f\u0131r Gecikmeli\u201d ya da \u201cGecikmesiz Yarg\u0131 Modeli\u201d anlay\u0131\u015f\u0131n\u0131n bir par\u00e7as\u0131 olarak hayata ge\u00e7irildi. Modelin temel yakla\u015f\u0131m\u0131n\u0131n, yarg\u0131lamalarda gecikmeye yol a\u00e7an yap\u0131sal sorunlar\u0131n sahadan gelen geri bildirimler do\u011frultusunda tespit edilmesi ve t\u0131kanan alanlar\u0131n h\u0131zl\u0131, rasyonel \u00e7\u00f6z\u00fcmlerle a\u00e7\u0131lmas\u0131 oldu\u011fu belirtildi. Bu kapsamda, dosya tevzisinde ya\u015fanan aksakl\u0131klar\u0131n giderilmesi \u00f6ncelikli alanlardan biri olarak ele al\u0131nd\u0131.<\/span><\/p>\n<p class=\"p1\"><span class=\"s2\">\u0130\u015e Y\u00dcK\u00dc DENGES\u0130 VE ADALETE G\u00dcVEN\u0130N ARTMASI HEDEFLEN\u0130YOR<\/span><\/p>\n<p class=\"p1\"><span class=\"s2\">Tevzi puanlar\u0131n\u0131n g\u00fcncellenmesiyle birlikte, h\u00e2kim ve savc\u0131lar\u0131n emek ve sorumluluklar\u0131n\u0131n daha adil bi\u00e7imde kar\u015f\u0131l\u0131k bulmas\u0131, mesleki motivasyonun g\u00fc\u00e7lendirilmesi ve karar s\u00fcre\u00e7lerinde verimlili\u011fin art\u0131r\u0131lmas\u0131 hedefleniyor. Bu yakla\u015f\u0131m\u0131n, hem yarg\u0131 mensuplar\u0131n\u0131n memnuniyetine hem de vatanda\u015flar\u0131n adalete eri\u015fiminde h\u0131z ve g\u00fcven duygusuna katk\u0131 sunmas\u0131 bekleniyor.<\/span><\/p>\n<p class=\"p1\"><span class=\"s2\">SAHADAN GELEN GER\u0130 B\u0130LD\u0130R\u0130MLER D\u0130KKATE ALINDI<\/span><\/p>\n<p class=\"p1\"><span class=\"s2\">Kurulun bu ad\u0131m\u0131yla, te\u015fkilatla daha yak\u0131n ileti\u015fim kuran ve sahadaki uygulamalar\u0131 do\u011frudan dikkate alan bir y\u00f6neti\u015fim anlay\u0131\u015f\u0131n\u0131n benimsendi\u011fi vurguland\u0131. B\u00fcy\u00fck ya da k\u00fc\u00e7\u00fck \u00f6l\u00e7ekli mahkeme ayr\u0131m\u0131 yap\u0131lmaks\u0131z\u0131n, yarg\u0131lamay\u0131 yava\u015flatan her t\u00fcrl\u00fc sorunun h\u0131zl\u0131 \u015fekilde ele al\u0131nmas\u0131n\u0131n HSK\u2019n\u0131n \u00f6ncelikli \u00e7al\u0131\u015fma alanlar\u0131 aras\u0131nda yer ald\u0131\u011f\u0131 kaydedildi.<\/span><\/p>\n<p class=\"p1\"><span class=\"s2\">YARGI REFORMU HEDEFLER\u0130YLE UYUMLU<\/span><\/p>\n<p class=\"p1\"><span class=\"s2\">Hayata ge\u00e7irilen d\u00fczenlemenin, Yarg\u0131 Reformu Strateji Belgesi\u2019nde yer alan \u201cmakul s\u00fcrede yarg\u0131lama\u201d ve \u201cadalete g\u00fcvenin g\u00fc\u00e7lendirilmesi\u201d hedefleriyle uyumlu oldu\u011fu belirtildi. D\u00fczenlemenin, Adalet Bakan\u0131 Y\u0131lmaz Tun\u00e7\u2019un adalet hizmetlerinin geli\u015ftirilmesi, gecikmelerin ortadan kald\u0131r\u0131lmas\u0131 ve sorunlar\u0131n s\u00fcratle \u00e7\u00f6z\u00fclmesi y\u00f6n\u00fcndeki yakla\u015f\u0131m\u0131n\u0131 da sahada somut uygulamalarla destekledi\u011fi ifade edildi.<\/span><\/p>\n<p class=\"p1\"><span class=\"s2\">HSK, ADALET\u0130N GEC\u0130KMEDEN TECELL\u00dc ETMES\u0130N\u0130 SA\u011eLAMAK \u0130\u00c7\u0130N \u00c7ALI\u015eALARINI S\u00dcRD\u00dcR\u00dcYOR <\/span><\/p>\n<p class=\"p1\"><span class=\"s2\">H\u00e2kimler ve Savc\u0131lar Kurulu, adaletin gecikmeksizin tecelli etmesini sa\u011flamak, yarg\u0131 mensuplar\u0131n\u0131n \u00e7al\u0131\u015fma ko\u015fullar\u0131n\u0131 iyile\u015ftirmek ve yarg\u0131 sisteminin etkinli\u011fini art\u0131rmak amac\u0131yla benzer d\u00fczenlemeleri hayata ge\u00e7irmeye kararl\u0131l\u0131kla devam edece\u011fini bildirdi.<\/span><\/p>\n<p>H\u00e2kimler ve Savc\u0131lar Kurulu (HSK), yarg\u0131lamalar\u0131n makul s\u00fcrede sonu\u00e7land\u0131r\u0131lmas\u0131, i\u015f y\u00fck\u00fcn\u00fcn dengeli ve adil bi\u00e7imde da\u011f\u0131t\u0131lmas\u0131 ve yarg\u0131 te\u015fkilat\u0131nda \u00e7al\u0131\u015fma bar\u0131\u015f\u0131n\u0131n g\u00fc\u00e7lendirilmesi amac\u0131yla \u00f6nemli bir d\u00fczenlemeyi hayata ge\u00e7irdi. \u201cGecikmesiz Yarg\u0131 Modeli\u201d kapsam\u0131nda yap\u0131lan d\u00fczenleme ile \u00fcst yarg\u0131 mercilerinden d\u00f6nen dosyalara ili\u015fkin tevzi puanlar\u0131 g\u00fcncellendi. Yeni uygulamayla, \u00fcst yarg\u0131dan d\u00f6nen dosyalar\u0131n belirli mahkemelerde yo\u011funla\u015fmas\u0131n\u0131n \u00f6n\u00fcne ge\u00e7ilmesi, m\u00fcstakil h\u00e2le getirilen mahkemelerde ortaya \u00e7\u0131kan i\u015f y\u00fck\u00fc dengesizliklerinin giderilmesi ve yarg\u0131lamalar\u0131n h\u0131zland\u0131r\u0131lmas\u0131 hedefleniyor. D\u00fczenlemenin, h\u00e2kim ve savc\u0131lar\u0131n mesleki motivasyonuna katk\u0131 sa\u011flamas\u0131 ve vatanda\u015flar\u0131n adalete eri\u015fiminde h\u0131z ile g\u00fcven duygusunu g\u00fc\u00e7lendirmesi bekleniyor.\u00a0<a href=\"https:\/\/www.son.tv\/hskdan-yargida-tevzi-adaleti-icin-kapsamli-duzenleme\/\" target=\"_blank\" class=\"feedzy-rss-link-icon\">Read More<\/a><\/p>","protected":false},"excerpt":{"rendered":"<p>H\u00e2kimler ve Savc\u0131lar Kurulu taraf\u0131ndan al\u0131nan karar do\u011frultusunda, dosya tevzisindeki dengesizliklere y\u00f6nelik somut bir ad\u0131m at\u0131ld\u0131. Yap\u0131lan g\u00fcncelleme ile, B\u00f6lge Adliye Mahkemelerinden kald\u0131r\u0131larak ya da Yarg\u0131tay\u2019dan bozularak ilk derece mahkemelerine g\u00f6nderilen dosyalar\u0131n adil \u015fekilde da\u011f\u0131t\u0131lmas\u0131 sa\u011flanarak hem mahkemeler aras\u0131ndaki i\u015f y\u00fck\u00fc farklar\u0131n\u0131n azalt\u0131lmas\u0131 hem de yarg\u0131lamalar\u0131n gereksiz \u015fekilde uzamas\u0131n\u0131n \u00f6n\u00fcne ge\u00e7ilmesi ama\u00e7lan\u0131yor. GEC\u0130KMES\u0130Z YARGI MODEL\u0130 [&hellip;]<\/p>\n","protected":false},"author":1,"featured_media":0,"comment_status":"open","ping_status":"open","sticky":false,"template":"","format":"standard","meta":{"footnotes":"","_links_to":"","_links_to_target":""},"categories":[1],"tags":[],"class_list":["post-17600","post","type-post","status-publish","format-standard","hentry","category-haberler"],"_links":{"self":[{"href":"https:\/\/www.abchukuk.com\/index.php\/wp-json\/wp\/v2\/posts\/17600","targetHints":{"allow":["GET"]}}],"collection":[{"href":"https:\/\/www.abchukuk.com\/index.php\/wp-json\/wp\/v2\/posts"}],"about":[{"href":"https:\/\/www.abchukuk.com\/index.php\/wp-json\/wp\/v2\/types\/post"}],"author":[{"embeddable":true,"href":"https:\/\/www.abchukuk.com\/index.php\/wp-json\/wp\/v2\/users\/1"}],"replies":[{"embeddable":true,"href":"https:\/\/www.abchukuk.com\/index.php\/wp-json\/wp\/v2\/comments?post=17600"}],"version-history":[{"count":0,"href":"https:\/\/www.abchukuk.com\/index.php\/wp-json\/wp\/v2\/posts\/17600\/revisions"}],"wp:attachment":[{"href":"https:\/\/www.abchukuk.com\/index.php\/wp-json\/wp\/v2\/media?parent=17600"}],"wp:term":[{"taxonomy":"category","embeddable":true,"href":"https:\/\/www.abchukuk.com\/index.php\/wp-json\/wp\/v2\/categories?post=17600"},{"taxonomy":"post_tag","embeddable":true,"href":"https:\/\/www.abchukuk.com\/index.php\/wp-json\/wp\/v2\/tags?post=17600"}],"curies":[{"name":"wp","href":"https:\/\/api.w.org\/{rel}","templated":true}]}}