{"id":17027,"date":"2026-01-10T11:08:04","date_gmt":"2026-01-10T11:08:04","guid":{"rendered":"https:\/\/www.abchukuk.com\/index.php\/2026\/01\/10\/ayedas-bedas-elektrik-kesintisi-sorgulama-9\/"},"modified":"2026-01-10T11:08:04","modified_gmt":"2026-01-10T11:08:04","slug":"ayedas-bedas-elektrik-kesintisi-sorgulama-9","status":"publish","type":"post","link":"https:\/\/www.abchukuk.com\/index.php\/2026\/01\/10\/ayedas-bedas-elektrik-kesintisi-sorgulama-9\/","title":{"rendered":"AYEDA\u015e-BEDA\u015e elektrik kesintisi sorgulama"},"content":{"rendered":"<p>\u0130stanbul elektrik tedarik\u00e7isi firmalar AYEDA\u015e &#8211; BEDA\u015e \u0130stanbul Anadolu ve Avrupa Yakas\u0131&#8217;nda ya\u015fanacak planl\u0131 elektrik kesintilerini \u0130stanbullularla payla\u015ft\u0131. \u0130stanbul&#8217;un 14 il\u00e7esine bak\u0131m ve onar\u0131m \u00e7al\u0131\u015fmas\u0131 nedeniyle elektrik verilemeyecek. \u0130\u015fte 10 Ocak 2026 Cumartesi \u0130stanbul&#8217;da elektrik kesintisi ya\u015fanacak il\u00e7eler&#8230;\u0130stanbul elektrik tedarik\u00e7isi firmalar AYEDA\u015e &#8211; BEDA\u015e \u0130stanbul Anadolu ve Avrupa Yakas\u0131&#8217;nda ya\u015fanacak planl\u0131 elektrik kesintilerini \u0130stanbullularla payla\u015ft\u0131. \u0130stanbul&#8217;un 14 il\u00e7esine bak\u0131m ve onar\u0131m \u00e7al\u0131\u015fmas\u0131 nedeniyle elektrik verilemeyecek. \u0130\u015fte 10 Ocak 2026 Cumartesi \u0130stanbul&#8217;da elektrik kesintisi ya\u015fanacak il\u00e7eler&#8230;\u00a0<a href=\"https:\/\/www.haberturk.com\/ayedas-bedas-elektrik-kesintisi-sorgulama-ekrani-10-ocak-2026-cumartesi-istanbul-da-elektrikler-ne-zaman-gelecek-kesinti-kac-saat-surecek-3852276\" target=\"_blank\" class=\"feedzy-rss-link-icon\">Read More<\/a><\/p>","protected":false},"excerpt":{"rendered":"<p>\u0130stanbul elektrik tedarik\u00e7isi firmalar AYEDA\u015e &#8211; BEDA\u015e \u0130stanbul Anadolu ve Avrupa Yakas\u0131&#8217;nda ya\u015fanacak planl\u0131 elektrik kesintilerini \u0130stanbullularla payla\u015ft\u0131. \u0130stanbul&#8217;un 14 il\u00e7esine bak\u0131m ve onar\u0131m \u00e7al\u0131\u015fmas\u0131 nedeniyle elektrik verilemeyecek. \u0130\u015fte 10 Ocak 2026 Cumartesi \u0130stanbul&#8217;da elektrik kesintisi ya\u015fanacak il\u00e7eler&#8230;\u0130stanbul elektrik tedarik\u00e7isi firmalar AYEDA\u015e &#8211; BEDA\u015e \u0130stanbul Anadolu ve Avrupa Yakas\u0131&#8217;nda ya\u015fanacak planl\u0131 elektrik kesintilerini \u0130stanbullularla payla\u015ft\u0131. [&hellip;]<\/p>\n","protected":false},"author":1,"featured_media":0,"comment_status":"open","ping_status":"open","sticky":false,"template":"","format":"standard","meta":{"footnotes":"","_links_to":"","_links_to_target":""},"categories":[1],"tags":[],"class_list":["post-17027","post","type-post","status-publish","format-standard","hentry","category-haberler"],"_links":{"self":[{"href":"https:\/\/www.abchukuk.com\/index.php\/wp-json\/wp\/v2\/posts\/17027","targetHints":{"allow":["GET"]}}],"collection":[{"href":"https:\/\/www.abchukuk.com\/index.php\/wp-json\/wp\/v2\/posts"}],"about":[{"href":"https:\/\/www.abchukuk.com\/index.php\/wp-json\/wp\/v2\/types\/post"}],"author":[{"embeddable":true,"href":"https:\/\/www.abchukuk.com\/index.php\/wp-json\/wp\/v2\/users\/1"}],"replies":[{"embeddable":true,"href":"https:\/\/www.abchukuk.com\/index.php\/wp-json\/wp\/v2\/comments?post=17027"}],"version-history":[{"count":0,"href":"https:\/\/www.abchukuk.com\/index.php\/wp-json\/wp\/v2\/posts\/17027\/revisions"}],"wp:attachment":[{"href":"https:\/\/www.abchukuk.com\/index.php\/wp-json\/wp\/v2\/media?parent=17027"}],"wp:term":[{"taxonomy":"category","embeddable":true,"href":"https:\/\/www.abchukuk.com\/index.php\/wp-json\/wp\/v2\/categories?post=17027"},{"taxonomy":"post_tag","embeddable":true,"href":"https:\/\/www.abchukuk.com\/index.php\/wp-json\/wp\/v2\/tags?post=17027"}],"curies":[{"name":"wp","href":"https:\/\/api.w.org\/{rel}","templated":true}]}}