{"id":17017,"date":"2026-01-10T18:47:00","date_gmt":"2026-01-10T18:47:00","guid":{"rendered":"https:\/\/www.abchukuk.com\/index.php\/2026\/01\/10\/iranda-protestolar-14uncu-gununde-65-olu-2-bin-311-gozalti\/"},"modified":"2026-01-10T18:47:00","modified_gmt":"2026-01-10T18:47:00","slug":"iranda-protestolar-14uncu-gununde-65-olu-2-bin-311-gozalti","status":"publish","type":"post","link":"https:\/\/www.abchukuk.com\/index.php\/2026\/01\/10\/iranda-protestolar-14uncu-gununde-65-olu-2-bin-311-gozalti\/","title":{"rendered":"\u0130ran\u2019da protestolar 14\u2019\u00fcnc\u00fc g\u00fcn\u00fcnde: 65 \u00f6l\u00fc, 2 bin 311 g\u00f6zalt\u0131"},"content":{"rendered":"<p>\u0130ran\u2019da ekonomik kriz ve ya\u015fam ko\u015fullar\u0131na kar\u015f\u0131 ba\u015flayan protestolar iki haftad\u0131r s\u00fcr\u00fcyor. \u0130nsan haklar\u0131 \u00f6rg\u00fctlerine g\u00f6re eylemlerde hayat\u0131n\u0131 kaybedenlerin say\u0131s\u0131 65\u2019e y\u00fckselirken, \u00fclke genelinde 2 bin 311 ki\u015fi g\u00f6zalt\u0131na al\u0131nd\u0131.\u0130ran\u2019da ekonomik kriz ve ya\u015fam ko\u015fullar\u0131na kar\u015f\u0131 ba\u015flayan protestolar iki haftad\u0131r s\u00fcr\u00fcyor. \u0130nsan haklar\u0131 \u00f6rg\u00fctlerine g\u00f6re eylemlerde hayat\u0131n\u0131 kaybedenlerin say\u0131s\u0131 65\u2019e y\u00fckselirken, \u00fclke genelinde 2 bin 311 ki\u015fi g\u00f6zalt\u0131na al\u0131nd\u0131.\u00a0<a href=\"https:\/\/www.cumhuriyet.com.tr\/dunya\/iran-da-protestolar-14-uncu-gununde-65-olu-2-bin-311-gozalti-2468901\" target=\"_blank\" class=\"feedzy-rss-link-icon\">Read More<\/a><\/p>","protected":false},"excerpt":{"rendered":"<p>\u0130ran\u2019da ekonomik kriz ve ya\u015fam ko\u015fullar\u0131na kar\u015f\u0131 ba\u015flayan protestolar iki haftad\u0131r s\u00fcr\u00fcyor. \u0130nsan haklar\u0131 \u00f6rg\u00fctlerine g\u00f6re eylemlerde hayat\u0131n\u0131 kaybedenlerin say\u0131s\u0131 65\u2019e y\u00fckselirken, \u00fclke genelinde 2 bin 311 ki\u015fi g\u00f6zalt\u0131na al\u0131nd\u0131.\u0130ran\u2019da ekonomik kriz ve ya\u015fam ko\u015fullar\u0131na kar\u015f\u0131 ba\u015flayan protestolar iki haftad\u0131r s\u00fcr\u00fcyor. \u0130nsan haklar\u0131 \u00f6rg\u00fctlerine g\u00f6re eylemlerde hayat\u0131n\u0131 kaybedenlerin say\u0131s\u0131 65\u2019e y\u00fckselirken, \u00fclke genelinde 2 bin [&hellip;]<\/p>\n","protected":false},"author":1,"featured_media":17018,"comment_status":"open","ping_status":"open","sticky":false,"template":"","format":"standard","meta":{"footnotes":"","_links_to":"","_links_to_target":""},"categories":[1],"tags":[],"class_list":["post-17017","post","type-post","status-publish","format-standard","has-post-thumbnail","hentry","category-haberler"],"_links":{"self":[{"href":"https:\/\/www.abchukuk.com\/index.php\/wp-json\/wp\/v2\/posts\/17017","targetHints":{"allow":["GET"]}}],"collection":[{"href":"https:\/\/www.abchukuk.com\/index.php\/wp-json\/wp\/v2\/posts"}],"about":[{"href":"https:\/\/www.abchukuk.com\/index.php\/wp-json\/wp\/v2\/types\/post"}],"author":[{"embeddable":true,"href":"https:\/\/www.abchukuk.com\/index.php\/wp-json\/wp\/v2\/users\/1"}],"replies":[{"embeddable":true,"href":"https:\/\/www.abchukuk.com\/index.php\/wp-json\/wp\/v2\/comments?post=17017"}],"version-history":[{"count":0,"href":"https:\/\/www.abchukuk.com\/index.php\/wp-json\/wp\/v2\/posts\/17017\/revisions"}],"wp:featuredmedia":[{"embeddable":true,"href":"https:\/\/www.abchukuk.com\/index.php\/wp-json\/wp\/v2\/media\/17018"}],"wp:attachment":[{"href":"https:\/\/www.abchukuk.com\/index.php\/wp-json\/wp\/v2\/media?parent=17017"}],"wp:term":[{"taxonomy":"category","embeddable":true,"href":"https:\/\/www.abchukuk.com\/index.php\/wp-json\/wp\/v2\/categories?post=17017"},{"taxonomy":"post_tag","embeddable":true,"href":"https:\/\/www.abchukuk.com\/index.php\/wp-json\/wp\/v2\/tags?post=17017"}],"curies":[{"name":"wp","href":"https:\/\/api.w.org\/{rel}","templated":true}]}}