{"id":17009,"date":"2026-01-10T14:54:00","date_gmt":"2026-01-10T14:54:00","guid":{"rendered":"https:\/\/www.abchukuk.com\/index.php\/2026\/01\/10\/tutuklu-gazeteci-merdan-yanardagdan-10-ocak-mesaji-ulkeye-el-koymak-istiyorlar\/"},"modified":"2026-01-10T14:54:00","modified_gmt":"2026-01-10T14:54:00","slug":"tutuklu-gazeteci-merdan-yanardagdan-10-ocak-mesaji-ulkeye-el-koymak-istiyorlar","status":"publish","type":"post","link":"https:\/\/www.abchukuk.com\/index.php\/2026\/01\/10\/tutuklu-gazeteci-merdan-yanardagdan-10-ocak-mesaji-ulkeye-el-koymak-istiyorlar\/","title":{"rendered":"Tutuklu gazeteci Merdan Yanarda\u011f&#8217;dan &#8217;10 Ocak&#8217; mesaj\u0131: &#8216;\u00dclkeye el koymak istiyorlar&#8217;"},"content":{"rendered":"<p>10 Ocak \u00c7al\u0131\u015fan Gazeteciler G\u00fcn\u00fc nedeniyle \u00dcsk\u00fcdar\u2019daki bir kitap evinde \u201cMerdan Yanarda\u011f i\u00e7in dayan\u0131\u015fma imzas\u0131\u201d etkinli\u011fi d\u00fczenlendi. Etkinlikte Sevim Kahraman Yanarda\u011f, e\u015fi Merdan Yanarda\u011f&#8217;\u0131n cezaevinden yazd\u0131\u011f\u0131 mektubu okudu. Yanarda\u011f, \u00fclkenin bir t\u00fcr darbe rejimi i\u00e7inden ge\u00e7ti\u011fini belirterek &#8220;\u00dclkeye el koymak istiyorlar&#8221; dedi.10 Ocak \u00c7al\u0131\u015fan Gazeteciler G\u00fcn\u00fc nedeniyle \u00dcsk\u00fcdar\u2019daki bir kitap evinde \u201cMerdan Yanarda\u011f i\u00e7in dayan\u0131\u015fma imzas\u0131\u201d etkinli\u011fi d\u00fczenlendi. Etkinlikte Sevim Kahraman Yanarda\u011f, e\u015fi Merdan Yanarda\u011f&#8217;\u0131n cezaevinden yazd\u0131\u011f\u0131 mektubu okudu. Yanarda\u011f, \u00fclkenin bir t\u00fcr darbe rejimi i\u00e7inden ge\u00e7ti\u011fini belirterek &#8220;\u00dclkeye el koymak istiyorlar&#8221; dedi.\u00a0<a href=\"https:\/\/www.cumhuriyet.com.tr\/siyaset\/tutuklu-gazeteci-merdan-yanardag-dan-10-ocak-mesaji-ulkeye-el-koymak-istiyorlar-2468863\" target=\"_blank\" class=\"feedzy-rss-link-icon\">Read More<\/a><\/p>","protected":false},"excerpt":{"rendered":"<p>10 Ocak \u00c7al\u0131\u015fan Gazeteciler G\u00fcn\u00fc nedeniyle \u00dcsk\u00fcdar\u2019daki bir kitap evinde \u201cMerdan Yanarda\u011f i\u00e7in dayan\u0131\u015fma imzas\u0131\u201d etkinli\u011fi d\u00fczenlendi. Etkinlikte Sevim Kahraman Yanarda\u011f, e\u015fi Merdan Yanarda\u011f&#8217;\u0131n cezaevinden yazd\u0131\u011f\u0131 mektubu okudu. Yanarda\u011f, \u00fclkenin bir t\u00fcr darbe rejimi i\u00e7inden ge\u00e7ti\u011fini belirterek &#8220;\u00dclkeye el koymak istiyorlar&#8221; dedi.10 Ocak \u00c7al\u0131\u015fan Gazeteciler G\u00fcn\u00fc nedeniyle \u00dcsk\u00fcdar\u2019daki bir kitap evinde \u201cMerdan Yanarda\u011f i\u00e7in dayan\u0131\u015fma [&hellip;]<\/p>\n","protected":false},"author":1,"featured_media":17010,"comment_status":"open","ping_status":"open","sticky":false,"template":"","format":"standard","meta":{"footnotes":"","_links_to":"","_links_to_target":""},"categories":[1],"tags":[],"class_list":["post-17009","post","type-post","status-publish","format-standard","has-post-thumbnail","hentry","category-haberler"],"_links":{"self":[{"href":"https:\/\/www.abchukuk.com\/index.php\/wp-json\/wp\/v2\/posts\/17009","targetHints":{"allow":["GET"]}}],"collection":[{"href":"https:\/\/www.abchukuk.com\/index.php\/wp-json\/wp\/v2\/posts"}],"about":[{"href":"https:\/\/www.abchukuk.com\/index.php\/wp-json\/wp\/v2\/types\/post"}],"author":[{"embeddable":true,"href":"https:\/\/www.abchukuk.com\/index.php\/wp-json\/wp\/v2\/users\/1"}],"replies":[{"embeddable":true,"href":"https:\/\/www.abchukuk.com\/index.php\/wp-json\/wp\/v2\/comments?post=17009"}],"version-history":[{"count":0,"href":"https:\/\/www.abchukuk.com\/index.php\/wp-json\/wp\/v2\/posts\/17009\/revisions"}],"wp:featuredmedia":[{"embeddable":true,"href":"https:\/\/www.abchukuk.com\/index.php\/wp-json\/wp\/v2\/media\/17010"}],"wp:attachment":[{"href":"https:\/\/www.abchukuk.com\/index.php\/wp-json\/wp\/v2\/media?parent=17009"}],"wp:term":[{"taxonomy":"category","embeddable":true,"href":"https:\/\/www.abchukuk.com\/index.php\/wp-json\/wp\/v2\/categories?post=17009"},{"taxonomy":"post_tag","embeddable":true,"href":"https:\/\/www.abchukuk.com\/index.php\/wp-json\/wp\/v2\/tags?post=17009"}],"curies":[{"name":"wp","href":"https:\/\/api.w.org\/{rel}","templated":true}]}}