{"id":16997,"date":"2026-01-10T10:53:06","date_gmt":"2026-01-10T10:53:06","guid":{"rendered":"https:\/\/www.abchukuk.com\/index.php\/2026\/01\/10\/iranda-hukumet-ve-protestocular-arasinda-uzlasma-mumkun-mu\/"},"modified":"2026-01-10T10:53:06","modified_gmt":"2026-01-10T10:53:06","slug":"iranda-hukumet-ve-protestocular-arasinda-uzlasma-mumkun-mu","status":"publish","type":"post","link":"https:\/\/www.abchukuk.com\/index.php\/2026\/01\/10\/iranda-hukumet-ve-protestocular-arasinda-uzlasma-mumkun-mu\/","title":{"rendered":"\u0130ran&#8217;da h\u00fck\u00fcmet ve protestocular aras\u0131nda uzla\u015fma m\u00fcmk\u00fcn m\u00fc?"},"content":{"rendered":"<p>Bir\u00e7ok medya kurulu\u015funda \u0130ran&#8217;daki protestolar\u0131 &#8216;G\u0131da \u0130syanlar\u0131&#8217; olarak adland\u0131ran man\u015fetlerin aksine, bug\u00fcn \u0130ran&#8217;da ya\u015fananlar daha derin, daha yap\u0131land\u0131r\u0131lm\u0131\u015f ve karma\u015f\u0131k bir harekettir.Bir\u00e7ok medya kurulu\u015funda \u0130ran&#8217;daki protestolar\u0131 &#8216;G\u0131da \u0130syanlar\u0131&#8217; olarak adland\u0131ran man\u015fetlerin aksine, bug\u00fcn \u0130ran&#8217;da ya\u015fananlar daha derin, daha yap\u0131land\u0131r\u0131lm\u0131\u015f ve karma\u015f\u0131k bir harekettir.\u00a0<a href=\"http:\/\/tr.euronews.com\/2026\/01\/10\/iranda-hukumet-ve-protestocular-arasinda-uzlasma-mumkun-mu\" target=\"_blank\" class=\"feedzy-rss-link-icon\">Read More<\/a><\/p>","protected":false},"excerpt":{"rendered":"<p>Bir\u00e7ok medya kurulu\u015funda \u0130ran&#8217;daki protestolar\u0131 &#8216;G\u0131da \u0130syanlar\u0131&#8217; olarak adland\u0131ran man\u015fetlerin aksine, bug\u00fcn \u0130ran&#8217;da ya\u015fananlar daha derin, daha yap\u0131land\u0131r\u0131lm\u0131\u015f ve karma\u015f\u0131k bir harekettir.Bir\u00e7ok medya kurulu\u015funda \u0130ran&#8217;daki protestolar\u0131 &#8216;G\u0131da \u0130syanlar\u0131&#8217; olarak adland\u0131ran man\u015fetlerin aksine, bug\u00fcn \u0130ran&#8217;da ya\u015fananlar daha derin, daha yap\u0131land\u0131r\u0131lm\u0131\u015f ve karma\u015f\u0131k bir harekettir.\u00a0Read More<\/p>\n","protected":false},"author":1,"featured_media":0,"comment_status":"open","ping_status":"open","sticky":false,"template":"","format":"standard","meta":{"footnotes":"","_links_to":"","_links_to_target":""},"categories":[1],"tags":[],"class_list":["post-16997","post","type-post","status-publish","format-standard","hentry","category-haberler"],"_links":{"self":[{"href":"https:\/\/www.abchukuk.com\/index.php\/wp-json\/wp\/v2\/posts\/16997","targetHints":{"allow":["GET"]}}],"collection":[{"href":"https:\/\/www.abchukuk.com\/index.php\/wp-json\/wp\/v2\/posts"}],"about":[{"href":"https:\/\/www.abchukuk.com\/index.php\/wp-json\/wp\/v2\/types\/post"}],"author":[{"embeddable":true,"href":"https:\/\/www.abchukuk.com\/index.php\/wp-json\/wp\/v2\/users\/1"}],"replies":[{"embeddable":true,"href":"https:\/\/www.abchukuk.com\/index.php\/wp-json\/wp\/v2\/comments?post=16997"}],"version-history":[{"count":0,"href":"https:\/\/www.abchukuk.com\/index.php\/wp-json\/wp\/v2\/posts\/16997\/revisions"}],"wp:attachment":[{"href":"https:\/\/www.abchukuk.com\/index.php\/wp-json\/wp\/v2\/media?parent=16997"}],"wp:term":[{"taxonomy":"category","embeddable":true,"href":"https:\/\/www.abchukuk.com\/index.php\/wp-json\/wp\/v2\/categories?post=16997"},{"taxonomy":"post_tag","embeddable":true,"href":"https:\/\/www.abchukuk.com\/index.php\/wp-json\/wp\/v2\/tags?post=16997"}],"curies":[{"name":"wp","href":"https:\/\/api.w.org\/{rel}","templated":true}]}}