{"id":16995,"date":"2026-01-10T11:33:00","date_gmt":"2026-01-10T11:33:00","guid":{"rendered":"https:\/\/www.abchukuk.com\/index.php\/2026\/01\/10\/aydinda-mahkeme-binasinin-catisindan-dusen-isci-kurtarilamadi\/"},"modified":"2026-01-10T11:33:00","modified_gmt":"2026-01-10T11:33:00","slug":"aydinda-mahkeme-binasinin-catisindan-dusen-isci-kurtarilamadi","status":"publish","type":"post","link":"https:\/\/www.abchukuk.com\/index.php\/2026\/01\/10\/aydinda-mahkeme-binasinin-catisindan-dusen-isci-kurtarilamadi\/","title":{"rendered":"Ayd\u0131n&#8217;da Mahkeme binas\u0131n\u0131n \u00e7at\u0131s\u0131ndan d\u00fc\u015fen i\u015f\u00e7i kurtar\u0131lamad\u0131!"},"content":{"rendered":"<p>Efeler il\u00e7esinde mahkeme binas\u0131n\u0131n \u00e7at\u0131s\u0131nda \u00e7al\u0131\u015f\u0131rken dengesini kaybederek d\u00fc\u015fen 47 ya\u015f\u0131ndaki i\u015f\u00e7i G\u00f6khan \u00d6zer Kaya, ya\u015fam\u0131n\u0131 yitirdi.Efeler il\u00e7esinde mahkeme binas\u0131n\u0131n \u00e7at\u0131s\u0131nda \u00e7al\u0131\u015f\u0131rken dengesini kaybederek d\u00fc\u015fen 47 ya\u015f\u0131ndaki i\u015f\u00e7i G\u00f6khan \u00d6zer Kaya, ya\u015fam\u0131n\u0131 yitirdi.\u00a0<a href=\"https:\/\/www.cumhuriyet.com.tr\/turkiye\/aydin-da-mahkeme-binasinin-catisindan-dusen-isci-kurtarilamadi-2468804\" target=\"_blank\" class=\"feedzy-rss-link-icon\">Read More<\/a><\/p>","protected":false},"excerpt":{"rendered":"<p>Efeler il\u00e7esinde mahkeme binas\u0131n\u0131n \u00e7at\u0131s\u0131nda \u00e7al\u0131\u015f\u0131rken dengesini kaybederek d\u00fc\u015fen 47 ya\u015f\u0131ndaki i\u015f\u00e7i G\u00f6khan \u00d6zer Kaya, ya\u015fam\u0131n\u0131 yitirdi.Efeler il\u00e7esinde mahkeme binas\u0131n\u0131n \u00e7at\u0131s\u0131nda \u00e7al\u0131\u015f\u0131rken dengesini kaybederek d\u00fc\u015fen 47 ya\u015f\u0131ndaki i\u015f\u00e7i G\u00f6khan \u00d6zer Kaya, ya\u015fam\u0131n\u0131 yitirdi.\u00a0Read More<\/p>\n","protected":false},"author":1,"featured_media":16996,"comment_status":"open","ping_status":"open","sticky":false,"template":"","format":"standard","meta":{"footnotes":"","_links_to":"","_links_to_target":""},"categories":[1],"tags":[],"class_list":["post-16995","post","type-post","status-publish","format-standard","has-post-thumbnail","hentry","category-haberler"],"_links":{"self":[{"href":"https:\/\/www.abchukuk.com\/index.php\/wp-json\/wp\/v2\/posts\/16995","targetHints":{"allow":["GET"]}}],"collection":[{"href":"https:\/\/www.abchukuk.com\/index.php\/wp-json\/wp\/v2\/posts"}],"about":[{"href":"https:\/\/www.abchukuk.com\/index.php\/wp-json\/wp\/v2\/types\/post"}],"author":[{"embeddable":true,"href":"https:\/\/www.abchukuk.com\/index.php\/wp-json\/wp\/v2\/users\/1"}],"replies":[{"embeddable":true,"href":"https:\/\/www.abchukuk.com\/index.php\/wp-json\/wp\/v2\/comments?post=16995"}],"version-history":[{"count":0,"href":"https:\/\/www.abchukuk.com\/index.php\/wp-json\/wp\/v2\/posts\/16995\/revisions"}],"wp:featuredmedia":[{"embeddable":true,"href":"https:\/\/www.abchukuk.com\/index.php\/wp-json\/wp\/v2\/media\/16996"}],"wp:attachment":[{"href":"https:\/\/www.abchukuk.com\/index.php\/wp-json\/wp\/v2\/media?parent=16995"}],"wp:term":[{"taxonomy":"category","embeddable":true,"href":"https:\/\/www.abchukuk.com\/index.php\/wp-json\/wp\/v2\/categories?post=16995"},{"taxonomy":"post_tag","embeddable":true,"href":"https:\/\/www.abchukuk.com\/index.php\/wp-json\/wp\/v2\/tags?post=16995"}],"curies":[{"name":"wp","href":"https:\/\/api.w.org\/{rel}","templated":true}]}}