{"id":16200,"date":"2025-12-31T19:46:39","date_gmt":"2025-12-31T19:46:39","guid":{"rendered":"https:\/\/www.abchukuk.com\/index.php\/2025\/12\/31\/2026-yili-merkezi-yonetim-butce-kanunu-resmi-gazetede\/"},"modified":"2025-12-31T19:46:39","modified_gmt":"2025-12-31T19:46:39","slug":"2026-yili-merkezi-yonetim-butce-kanunu-resmi-gazetede","status":"publish","type":"post","link":"https:\/\/www.abchukuk.com\/index.php\/2025\/12\/31\/2026-yili-merkezi-yonetim-butce-kanunu-resmi-gazetede\/","title":{"rendered":"2026 Y\u0131l\u0131 Merkezi Y\u00f6netim B\u00fct\u00e7e Kanunu Resmi Gazete&#8217;de"},"content":{"rendered":"<p><a href=\"https:\/\/www.gercekgundem.com\/ekonomi\/2026-yili-merkezi-yonetim-butce-kanunu-resmi-gazetede-564434\"><br \/>\n                                                            <img decoding=\"async\" src=\"https:\/\/i.gercekgundem.com\/2\/150\/84\/storage\/files\/images\/2025\/12\/31\/2026-yili-merkezi-yonetim-butce-kanunu-resmi-gazetede-gg9u.jpg\" width=\"150\" height=\"84\" border=\"0\" align=\"right\" \/><br \/>\n                                                    <\/a><\/p>\n<h4>2026 Y\u0131l\u0131 Merkezi Y\u00f6netim B\u00fct\u00e7e Kanunu, 1 Ocak 2026&#8217;da y\u00fcr\u00fcrl\u00fc\u011fe girmek \u00fczere, Resmi Gazete&#8217;nin m\u00fckerrer say\u0131s\u0131nda yer ald\u0131.<\/h4>\n<p>2026 Y\u0131l\u0131 Merkezi Y\u00f6netim B\u00fct\u00e7e Kanunu, 1 Ocak 2026&#8217;da y\u00fcr\u00fcrl\u00fc\u011fe girmek \u00fczere, Resmi Gazete&#8217;nin m\u00fckerrer say\u0131s\u0131nda yer ald\u0131.\u00a0<a href=\"https:\/\/www.gercekgundem.com\/ekonomi\/2026-yili-merkezi-yonetim-butce-kanunu-resmi-gazetede-564434\" target=\"_blank\" class=\"feedzy-rss-link-icon\">Read More<\/a><\/p>","protected":false},"excerpt":{"rendered":"<p>2026 Y\u0131l\u0131 Merkezi Y\u00f6netim B\u00fct\u00e7e Kanunu, 1 Ocak 2026&#8217;da y\u00fcr\u00fcrl\u00fc\u011fe girmek \u00fczere, Resmi Gazete&#8217;nin m\u00fckerrer say\u0131s\u0131nda yer ald\u0131. 2026 Y\u0131l\u0131 Merkezi Y\u00f6netim B\u00fct\u00e7e Kanunu, 1 Ocak 2026&#8217;da y\u00fcr\u00fcrl\u00fc\u011fe girmek \u00fczere, Resmi Gazete&#8217;nin m\u00fckerrer say\u0131s\u0131nda yer ald\u0131.\u00a0Read More<\/p>\n","protected":false},"author":1,"featured_media":16201,"comment_status":"open","ping_status":"open","sticky":false,"template":"","format":"standard","meta":{"footnotes":"","_links_to":"","_links_to_target":""},"categories":[1],"tags":[],"class_list":["post-16200","post","type-post","status-publish","format-standard","has-post-thumbnail","hentry","category-haberler"],"_links":{"self":[{"href":"https:\/\/www.abchukuk.com\/index.php\/wp-json\/wp\/v2\/posts\/16200","targetHints":{"allow":["GET"]}}],"collection":[{"href":"https:\/\/www.abchukuk.com\/index.php\/wp-json\/wp\/v2\/posts"}],"about":[{"href":"https:\/\/www.abchukuk.com\/index.php\/wp-json\/wp\/v2\/types\/post"}],"author":[{"embeddable":true,"href":"https:\/\/www.abchukuk.com\/index.php\/wp-json\/wp\/v2\/users\/1"}],"replies":[{"embeddable":true,"href":"https:\/\/www.abchukuk.com\/index.php\/wp-json\/wp\/v2\/comments?post=16200"}],"version-history":[{"count":0,"href":"https:\/\/www.abchukuk.com\/index.php\/wp-json\/wp\/v2\/posts\/16200\/revisions"}],"wp:featuredmedia":[{"embeddable":true,"href":"https:\/\/www.abchukuk.com\/index.php\/wp-json\/wp\/v2\/media\/16201"}],"wp:attachment":[{"href":"https:\/\/www.abchukuk.com\/index.php\/wp-json\/wp\/v2\/media?parent=16200"}],"wp:term":[{"taxonomy":"category","embeddable":true,"href":"https:\/\/www.abchukuk.com\/index.php\/wp-json\/wp\/v2\/categories?post=16200"},{"taxonomy":"post_tag","embeddable":true,"href":"https:\/\/www.abchukuk.com\/index.php\/wp-json\/wp\/v2\/tags?post=16200"}],"curies":[{"name":"wp","href":"https:\/\/api.w.org\/{rel}","templated":true}]}}