{"id":15999,"date":"2025-12-29T14:27:29","date_gmt":"2025-12-29T14:27:29","guid":{"rendered":"https:\/\/www.abchukuk.com\/index.php\/2025\/12\/29\/bayrampasa-sorusturmasi-2-tutuklama-istemi\/"},"modified":"2025-12-29T14:27:29","modified_gmt":"2025-12-29T14:27:29","slug":"bayrampasa-sorusturmasi-2-tutuklama-istemi","status":"publish","type":"post","link":"https:\/\/www.abchukuk.com\/index.php\/2025\/12\/29\/bayrampasa-sorusturmasi-2-tutuklama-istemi\/","title":{"rendered":"Bayrampa\u015fa soru\u015fturmas\u0131: 2 tutuklama istemi"},"content":{"rendered":"<p>Bayrampa\u015fa Belediyesine y\u00f6nelik yolsuzluk soru\u015fturmas\u0131 kapsam\u0131nda g\u00f6zalt\u0131na al\u0131nmalar\u0131n\u0131n ard\u0131ndan adliyeye g\u00f6nderilen CHP Bayrampa\u015fa \u0130l\u00e7e Y\u00f6netiminde g\u00f6revli Bekir \u00d6nder ile i\u015f insan\u0131 \u0130brahim Amedi, tutuklama talebiyle sulh ceza hakimli\u011fine sevk edildiBayrampa\u015fa Belediyesine y\u00f6nelik yolsuzluk soru\u015fturmas\u0131 kapsam\u0131nda g\u00f6zalt\u0131na al\u0131nmalar\u0131n\u0131n ard\u0131ndan adliyeye g\u00f6nderilen CHP Bayrampa\u015fa \u0130l\u00e7e Y\u00f6netiminde g\u00f6revli Bekir \u00d6nder ile i\u015f insan\u0131 \u0130brahim Amedi, tutuklama talebiyle sulh ceza hakimli\u011fine sevk edildi\u00a0<a href=\"https:\/\/www.haberturk.com\/bayrampasa-belediyesi-ne-yonelik-yolsuzluk-sorusturmasinda-2-supheliye-tutuklama-istemi-3849401\" target=\"_blank\" class=\"feedzy-rss-link-icon\">Read More<\/a><\/p>","protected":false},"excerpt":{"rendered":"<p>Bayrampa\u015fa Belediyesine y\u00f6nelik yolsuzluk soru\u015fturmas\u0131 kapsam\u0131nda g\u00f6zalt\u0131na al\u0131nmalar\u0131n\u0131n ard\u0131ndan adliyeye g\u00f6nderilen CHP Bayrampa\u015fa \u0130l\u00e7e Y\u00f6netiminde g\u00f6revli Bekir \u00d6nder ile i\u015f insan\u0131 \u0130brahim Amedi, tutuklama talebiyle sulh ceza hakimli\u011fine sevk edildiBayrampa\u015fa Belediyesine y\u00f6nelik yolsuzluk soru\u015fturmas\u0131 kapsam\u0131nda g\u00f6zalt\u0131na al\u0131nmalar\u0131n\u0131n ard\u0131ndan adliyeye g\u00f6nderilen CHP Bayrampa\u015fa \u0130l\u00e7e Y\u00f6netiminde g\u00f6revli Bekir \u00d6nder ile i\u015f insan\u0131 \u0130brahim Amedi, tutuklama talebiyle sulh [&hellip;]<\/p>\n","protected":false},"author":1,"featured_media":0,"comment_status":"open","ping_status":"open","sticky":false,"template":"","format":"standard","meta":{"footnotes":"","_links_to":"","_links_to_target":""},"categories":[1],"tags":[],"class_list":["post-15999","post","type-post","status-publish","format-standard","hentry","category-haberler"],"_links":{"self":[{"href":"https:\/\/www.abchukuk.com\/index.php\/wp-json\/wp\/v2\/posts\/15999","targetHints":{"allow":["GET"]}}],"collection":[{"href":"https:\/\/www.abchukuk.com\/index.php\/wp-json\/wp\/v2\/posts"}],"about":[{"href":"https:\/\/www.abchukuk.com\/index.php\/wp-json\/wp\/v2\/types\/post"}],"author":[{"embeddable":true,"href":"https:\/\/www.abchukuk.com\/index.php\/wp-json\/wp\/v2\/users\/1"}],"replies":[{"embeddable":true,"href":"https:\/\/www.abchukuk.com\/index.php\/wp-json\/wp\/v2\/comments?post=15999"}],"version-history":[{"count":0,"href":"https:\/\/www.abchukuk.com\/index.php\/wp-json\/wp\/v2\/posts\/15999\/revisions"}],"wp:attachment":[{"href":"https:\/\/www.abchukuk.com\/index.php\/wp-json\/wp\/v2\/media?parent=15999"}],"wp:term":[{"taxonomy":"category","embeddable":true,"href":"https:\/\/www.abchukuk.com\/index.php\/wp-json\/wp\/v2\/categories?post=15999"},{"taxonomy":"post_tag","embeddable":true,"href":"https:\/\/www.abchukuk.com\/index.php\/wp-json\/wp\/v2\/tags?post=15999"}],"curies":[{"name":"wp","href":"https:\/\/api.w.org\/{rel}","templated":true}]}}