{"id":15952,"date":"2025-12-29T12:55:50","date_gmt":"2025-12-29T12:55:50","guid":{"rendered":"https:\/\/www.abchukuk.com\/index.php\/2025\/12\/29\/yargitaydan-narin-guran-karari\/"},"modified":"2025-12-29T12:55:50","modified_gmt":"2025-12-29T12:55:50","slug":"yargitaydan-narin-guran-karari","status":"publish","type":"post","link":"https:\/\/www.abchukuk.com\/index.php\/2025\/12\/29\/yargitaydan-narin-guran-karari\/","title":{"rendered":"Yarg\u0131tay&#8217;dan Narin G\u00fcran karar\u0131!"},"content":{"rendered":"<p>Narin G\u00fcran cinayetinde amca Salim, anne Y\u00fcksel ve a\u011fabey Enes G\u00fcran hakk\u0131nda verilen &#8220;a\u011f\u0131rla\u015ft\u0131r\u0131lm\u0131\u015f m\u00fcebbet hapis cezas\u0131&#8221; Yarg\u0131tay 1. Dairesi taraf\u0131ndan onand\u0131. Cinayet soru\u015fturmas\u0131nda itiraf\u00e7\u0131 olan Nevzat Bahtiyar hakk\u0131ndaki karar ise bozuldu ve Bahtiyar&#8217;\u0131n, &#8220;\u00f6ld\u00fcrmeye yard\u0131m etmek su\u00e7undan&#8221; yarg\u0131lanmas\u0131na h\u00fckmedildiNarin G\u00fcran cinayetinde amca Salim, anne Y\u00fcksel ve a\u011fabey Enes G\u00fcran hakk\u0131nda verilen &#8220;a\u011f\u0131rla\u015ft\u0131r\u0131lm\u0131\u015f m\u00fcebbet hapis cezas\u0131&#8221; Yarg\u0131tay 1. Dairesi taraf\u0131ndan onand\u0131. Cinayet soru\u015fturmas\u0131nda itiraf\u00e7\u0131 olan Nevzat Bahtiyar hakk\u0131ndaki karar ise bozuldu ve Bahtiyar&#8217;\u0131n, &#8220;\u00f6ld\u00fcrmeye yard\u0131m etmek su\u00e7undan&#8221; yarg\u0131lanmas\u0131na h\u00fckmedildi\u00a0<a href=\"https:\/\/www.haberturk.com\/son-dakika-yargitay-dan-narin-guran-karari-3849355\" target=\"_blank\" class=\"feedzy-rss-link-icon\">Read More<\/a><\/p>","protected":false},"excerpt":{"rendered":"<p>Narin G\u00fcran cinayetinde amca Salim, anne Y\u00fcksel ve a\u011fabey Enes G\u00fcran hakk\u0131nda verilen &#8220;a\u011f\u0131rla\u015ft\u0131r\u0131lm\u0131\u015f m\u00fcebbet hapis cezas\u0131&#8221; Yarg\u0131tay 1. Dairesi taraf\u0131ndan onand\u0131. Cinayet soru\u015fturmas\u0131nda itiraf\u00e7\u0131 olan Nevzat Bahtiyar hakk\u0131ndaki karar ise bozuldu ve Bahtiyar&#8217;\u0131n, &#8220;\u00f6ld\u00fcrmeye yard\u0131m etmek su\u00e7undan&#8221; yarg\u0131lanmas\u0131na h\u00fckmedildiNarin G\u00fcran cinayetinde amca Salim, anne Y\u00fcksel ve a\u011fabey Enes G\u00fcran hakk\u0131nda verilen &#8220;a\u011f\u0131rla\u015ft\u0131r\u0131lm\u0131\u015f m\u00fcebbet hapis [&hellip;]<\/p>\n","protected":false},"author":1,"featured_media":0,"comment_status":"open","ping_status":"open","sticky":false,"template":"","format":"standard","meta":{"footnotes":"","_links_to":"","_links_to_target":""},"categories":[1],"tags":[],"class_list":["post-15952","post","type-post","status-publish","format-standard","hentry","category-haberler"],"_links":{"self":[{"href":"https:\/\/www.abchukuk.com\/index.php\/wp-json\/wp\/v2\/posts\/15952","targetHints":{"allow":["GET"]}}],"collection":[{"href":"https:\/\/www.abchukuk.com\/index.php\/wp-json\/wp\/v2\/posts"}],"about":[{"href":"https:\/\/www.abchukuk.com\/index.php\/wp-json\/wp\/v2\/types\/post"}],"author":[{"embeddable":true,"href":"https:\/\/www.abchukuk.com\/index.php\/wp-json\/wp\/v2\/users\/1"}],"replies":[{"embeddable":true,"href":"https:\/\/www.abchukuk.com\/index.php\/wp-json\/wp\/v2\/comments?post=15952"}],"version-history":[{"count":0,"href":"https:\/\/www.abchukuk.com\/index.php\/wp-json\/wp\/v2\/posts\/15952\/revisions"}],"wp:attachment":[{"href":"https:\/\/www.abchukuk.com\/index.php\/wp-json\/wp\/v2\/media?parent=15952"}],"wp:term":[{"taxonomy":"category","embeddable":true,"href":"https:\/\/www.abchukuk.com\/index.php\/wp-json\/wp\/v2\/categories?post=15952"},{"taxonomy":"post_tag","embeddable":true,"href":"https:\/\/www.abchukuk.com\/index.php\/wp-json\/wp\/v2\/tags?post=15952"}],"curies":[{"name":"wp","href":"https:\/\/api.w.org\/{rel}","templated":true}]}}