{"id":15947,"date":"2025-12-29T15:29:00","date_gmt":"2025-12-29T15:29:00","guid":{"rendered":"https:\/\/www.abchukuk.com\/index.php\/2025\/12\/29\/erden-timurun-savcilikta-verdigi-ifade-ortaya-cikti\/"},"modified":"2025-12-29T15:29:00","modified_gmt":"2025-12-29T15:29:00","slug":"erden-timurun-savcilikta-verdigi-ifade-ortaya-cikti","status":"publish","type":"post","link":"https:\/\/www.abchukuk.com\/index.php\/2025\/12\/29\/erden-timurun-savcilikta-verdigi-ifade-ortaya-cikti\/","title":{"rendered":"Erden Timur&#8217;un Savc\u0131l\u0131kta Verdi\u011fi \u0130fade Ortaya \u00c7\u0131kt\u0131"},"content":{"rendered":"<p><a href=\"https:\/\/www.gercekgundem.com\/guncel\/erden-timurun-savcilikta-verdigi-ifade-ortaya-cikti-564302\"><br \/>\n                                                            <img decoding=\"async\" src=\"https:\/\/i.gercekgundem.com\/2\/150\/84\/storage\/files\/images\/2025\/12\/29\/erden-timurun-savcilikta-verdigi-ifade-ortaya-cikti-ocjn.jpg\" width=\"150\" height=\"84\" border=\"0\" align=\"right\" \/><br \/>\n                                                    <\/a><\/p>\n<h4>G\u00f6zalt\u0131na al\u0131nan Erden Timur&#8217;un savc\u0131l\u0131k ifadesi ortaya \u00e7\u0131kt\u0131. Timur ifadesinde &#8220;Emniyetten arkada\u015flar, 2014-2015 y\u0131l\u0131nda Veysel \u015eahin&#8217;in benim projemden ev ald\u0131\u011f\u0131n\u0131 s\u00f6ylediler. Ona operasyon yap\u0131laca\u011f\u0131n\u0131 ve tapu teslim i\u015flemini s\u00fcr\u00fcncemede b\u0131rakmam\u0131 s\u00f6ylediler. Ben de tapuyu teslim etmedim. \u015eahin paray\u0131 26 taksitle \u015firket hesab\u0131na yat\u0131rm\u0131\u015ft\u0131. O d\u00f6nem b\u00fct\u00fcn taksitleri \u00f6deyip \u00f6demedi\u011fini hat\u0131rlam\u0131yorum, fakat \u00f6denmi\u015f g\u00f6z\u00fck\u00fcyor&#8221; dedi ve paran\u0131n 2023&#8217;te devretti\u011fi BTE \u015firketinde oldu\u011funu s\u00f6yledi.<\/h4>\n<p>G\u00f6zalt\u0131na al\u0131nan Erden Timur&#8217;un savc\u0131l\u0131k ifadesi ortaya \u00e7\u0131kt\u0131. Timur ifadesinde &#8220;Emniyetten arkada\u015flar, 2014-2015 y\u0131l\u0131nda Veysel \u015eahin&#8217;in benim projemden ev ald\u0131\u011f\u0131n\u0131 s\u00f6ylediler. Ona operasyon yap\u0131laca\u011f\u0131n\u0131 ve tapu teslim i\u015flemini s\u00fcr\u00fcncemede b\u0131rakmam\u0131 s\u00f6ylediler. Ben de tapuyu teslim etmedim. \u015eahin paray\u0131 26 taksitle \u015firket hesab\u0131na yat\u0131rm\u0131\u015ft\u0131. O d\u00f6nem b\u00fct\u00fcn taksitleri \u00f6deyip \u00f6demedi\u011fini hat\u0131rlam\u0131yorum, fakat \u00f6denmi\u015f g\u00f6z\u00fck\u00fcyor&#8221; dedi ve paran\u0131n 2023&#8217;te devretti\u011fi BTE \u015firketinde oldu\u011funu s\u00f6yledi.\u00a0<a href=\"https:\/\/www.gercekgundem.com\/guncel\/erden-timurun-savcilikta-verdigi-ifade-ortaya-cikti-564302\" target=\"_blank\" class=\"feedzy-rss-link-icon\">Read More<\/a><\/p>","protected":false},"excerpt":{"rendered":"<p>G\u00f6zalt\u0131na al\u0131nan Erden Timur&#8217;un savc\u0131l\u0131k ifadesi ortaya \u00e7\u0131kt\u0131. Timur ifadesinde &#8220;Emniyetten arkada\u015flar, 2014-2015 y\u0131l\u0131nda Veysel \u015eahin&#8217;in benim projemden ev ald\u0131\u011f\u0131n\u0131 s\u00f6ylediler. Ona operasyon yap\u0131laca\u011f\u0131n\u0131 ve tapu teslim i\u015flemini s\u00fcr\u00fcncemede b\u0131rakmam\u0131 s\u00f6ylediler. Ben de tapuyu teslim etmedim. \u015eahin paray\u0131 26 taksitle \u015firket hesab\u0131na yat\u0131rm\u0131\u015ft\u0131. O d\u00f6nem b\u00fct\u00fcn taksitleri \u00f6deyip \u00f6demedi\u011fini hat\u0131rlam\u0131yorum, fakat \u00f6denmi\u015f g\u00f6z\u00fck\u00fcyor&#8221; dedi ve [&hellip;]<\/p>\n","protected":false},"author":1,"featured_media":15948,"comment_status":"open","ping_status":"open","sticky":false,"template":"","format":"standard","meta":{"footnotes":"","_links_to":"","_links_to_target":""},"categories":[1],"tags":[],"class_list":["post-15947","post","type-post","status-publish","format-standard","has-post-thumbnail","hentry","category-haberler"],"_links":{"self":[{"href":"https:\/\/www.abchukuk.com\/index.php\/wp-json\/wp\/v2\/posts\/15947","targetHints":{"allow":["GET"]}}],"collection":[{"href":"https:\/\/www.abchukuk.com\/index.php\/wp-json\/wp\/v2\/posts"}],"about":[{"href":"https:\/\/www.abchukuk.com\/index.php\/wp-json\/wp\/v2\/types\/post"}],"author":[{"embeddable":true,"href":"https:\/\/www.abchukuk.com\/index.php\/wp-json\/wp\/v2\/users\/1"}],"replies":[{"embeddable":true,"href":"https:\/\/www.abchukuk.com\/index.php\/wp-json\/wp\/v2\/comments?post=15947"}],"version-history":[{"count":0,"href":"https:\/\/www.abchukuk.com\/index.php\/wp-json\/wp\/v2\/posts\/15947\/revisions"}],"wp:featuredmedia":[{"embeddable":true,"href":"https:\/\/www.abchukuk.com\/index.php\/wp-json\/wp\/v2\/media\/15948"}],"wp:attachment":[{"href":"https:\/\/www.abchukuk.com\/index.php\/wp-json\/wp\/v2\/media?parent=15947"}],"wp:term":[{"taxonomy":"category","embeddable":true,"href":"https:\/\/www.abchukuk.com\/index.php\/wp-json\/wp\/v2\/categories?post=15947"},{"taxonomy":"post_tag","embeddable":true,"href":"https:\/\/www.abchukuk.com\/index.php\/wp-json\/wp\/v2\/tags?post=15947"}],"curies":[{"name":"wp","href":"https:\/\/api.w.org\/{rel}","templated":true}]}}