{"id":15943,"date":"2025-12-29T15:39:00","date_gmt":"2025-12-29T15:39:00","guid":{"rendered":"https:\/\/www.abchukuk.com\/index.php\/2025\/12\/29\/lastik-is-genel-baskani-alaaddin-sariya-suikast-iddiasi-kongrede-yogun-guvenlik-onlemi-15-supheli-gozaltinda\/"},"modified":"2025-12-29T15:39:00","modified_gmt":"2025-12-29T15:39:00","slug":"lastik-is-genel-baskani-alaaddin-sariya-suikast-iddiasi-kongrede-yogun-guvenlik-onlemi-15-supheli-gozaltinda","status":"publish","type":"post","link":"https:\/\/www.abchukuk.com\/index.php\/2025\/12\/29\/lastik-is-genel-baskani-alaaddin-sariya-suikast-iddiasi-kongrede-yogun-guvenlik-onlemi-15-supheli-gozaltinda\/","title":{"rendered":"Lastik-\u0130\u015f Genel Ba\u015fkan\u0131 Alaaddin Sar\u0131\u2019ya suikast iddias\u0131: Kongrede yo\u011fun g\u00fcvenlik \u00f6nlemi! 15 \u015f\u00fcpheli g\u00f6zalt\u0131nda!"},"content":{"rendered":"<p>Lastik-\u0130\u015f Sendikas\u0131 Kocaeli \u015eubesi\u2019nin genel kurulunda al\u0131nan ola\u011fan\u00fcst\u00fc g\u00fcvenlik \u00f6nlemlerinin, Genel Ba\u015fkan Alaaddin Sar\u0131 ve yard\u0131mc\u0131lar\u0131na y\u00f6nelik suikast iddias\u0131 nedeniyle uyguland\u0131\u011f\u0131 ortaya \u00e7\u0131kt\u0131. Kocaeli ve \u0130stanbul\u2019da d\u00fczenlenen e\u015f zamanl\u0131 operasyonlarda 15 \u015f\u00fcpheli g\u00f6zalt\u0131na al\u0131nd\u0131.Lastik-\u0130\u015f Sendikas\u0131 Kocaeli \u015eubesi\u2019nin genel kurulunda al\u0131nan ola\u011fan\u00fcst\u00fc g\u00fcvenlik \u00f6nlemlerinin, Genel Ba\u015fkan Alaaddin Sar\u0131 ve yard\u0131mc\u0131lar\u0131na y\u00f6nelik suikast iddias\u0131 nedeniyle uyguland\u0131\u011f\u0131 ortaya \u00e7\u0131kt\u0131. Kocaeli ve \u0130stanbul\u2019da d\u00fczenlenen e\u015f zamanl\u0131 operasyonlarda 15 \u015f\u00fcpheli g\u00f6zalt\u0131na al\u0131nd\u0131.\u00a0<a href=\"https:\/\/www.cumhuriyet.com.tr\/turkiye\/lastik-is-genel-baskani-alaaddin-sari-ya-suikast-iddiasi-kongrede-yogun-guvenlik-onlemi-15-supheli-gozaltinda-2465600\" target=\"_blank\" class=\"feedzy-rss-link-icon\">Read More<\/a><\/p>","protected":false},"excerpt":{"rendered":"<p>Lastik-\u0130\u015f Sendikas\u0131 Kocaeli \u015eubesi\u2019nin genel kurulunda al\u0131nan ola\u011fan\u00fcst\u00fc g\u00fcvenlik \u00f6nlemlerinin, Genel Ba\u015fkan Alaaddin Sar\u0131 ve yard\u0131mc\u0131lar\u0131na y\u00f6nelik suikast iddias\u0131 nedeniyle uyguland\u0131\u011f\u0131 ortaya \u00e7\u0131kt\u0131. Kocaeli ve \u0130stanbul\u2019da d\u00fczenlenen e\u015f zamanl\u0131 operasyonlarda 15 \u015f\u00fcpheli g\u00f6zalt\u0131na al\u0131nd\u0131.Lastik-\u0130\u015f Sendikas\u0131 Kocaeli \u015eubesi\u2019nin genel kurulunda al\u0131nan ola\u011fan\u00fcst\u00fc g\u00fcvenlik \u00f6nlemlerinin, Genel Ba\u015fkan Alaaddin Sar\u0131 ve yard\u0131mc\u0131lar\u0131na y\u00f6nelik suikast iddias\u0131 nedeniyle uyguland\u0131\u011f\u0131 ortaya [&hellip;]<\/p>\n","protected":false},"author":1,"featured_media":15944,"comment_status":"open","ping_status":"open","sticky":false,"template":"","format":"standard","meta":{"footnotes":"","_links_to":"","_links_to_target":""},"categories":[1],"tags":[],"class_list":["post-15943","post","type-post","status-publish","format-standard","has-post-thumbnail","hentry","category-haberler"],"_links":{"self":[{"href":"https:\/\/www.abchukuk.com\/index.php\/wp-json\/wp\/v2\/posts\/15943","targetHints":{"allow":["GET"]}}],"collection":[{"href":"https:\/\/www.abchukuk.com\/index.php\/wp-json\/wp\/v2\/posts"}],"about":[{"href":"https:\/\/www.abchukuk.com\/index.php\/wp-json\/wp\/v2\/types\/post"}],"author":[{"embeddable":true,"href":"https:\/\/www.abchukuk.com\/index.php\/wp-json\/wp\/v2\/users\/1"}],"replies":[{"embeddable":true,"href":"https:\/\/www.abchukuk.com\/index.php\/wp-json\/wp\/v2\/comments?post=15943"}],"version-history":[{"count":0,"href":"https:\/\/www.abchukuk.com\/index.php\/wp-json\/wp\/v2\/posts\/15943\/revisions"}],"wp:featuredmedia":[{"embeddable":true,"href":"https:\/\/www.abchukuk.com\/index.php\/wp-json\/wp\/v2\/media\/15944"}],"wp:attachment":[{"href":"https:\/\/www.abchukuk.com\/index.php\/wp-json\/wp\/v2\/media?parent=15943"}],"wp:term":[{"taxonomy":"category","embeddable":true,"href":"https:\/\/www.abchukuk.com\/index.php\/wp-json\/wp\/v2\/categories?post=15943"},{"taxonomy":"post_tag","embeddable":true,"href":"https:\/\/www.abchukuk.com\/index.php\/wp-json\/wp\/v2\/tags?post=15943"}],"curies":[{"name":"wp","href":"https:\/\/api.w.org\/{rel}","templated":true}]}}