{"id":15921,"date":"2025-12-29T13:27:00","date_gmt":"2025-12-29T13:27:00","guid":{"rendered":"https:\/\/www.abchukuk.com\/index.php\/2025\/12\/29\/akbelendeki-zeytinlikler-icin-bir-kez-daha-danistaya-gidildi\/"},"modified":"2025-12-29T13:27:00","modified_gmt":"2025-12-29T13:27:00","slug":"akbelendeki-zeytinlikler-icin-bir-kez-daha-danistaya-gidildi","status":"publish","type":"post","link":"https:\/\/www.abchukuk.com\/index.php\/2025\/12\/29\/akbelendeki-zeytinlikler-icin-bir-kez-daha-danistaya-gidildi\/","title":{"rendered":"Akbelen\u2019deki zeytinlikler i\u00e7in bir kez daha Dan\u0131\u015ftay\u2019a gidildi"},"content":{"rendered":"<p>Akbelen Ormanlar\u0131\u2019nda zeytin a\u011fa\u00e7lar\u0131n\u0131n s\u00f6k\u00fcm\u00fc jandarma e\u015fli\u011finde ba\u015flad\u0131. Yurtta\u015flar i\u015flemin durdurulmas\u0131 ve iptali i\u00e7in Dan\u0131\u015ftay 8. Dairesine dava a\u00e7arken bilgi edinme ba\u015fvurusunda toplam 151 zeytin a\u011fac\u0131n\u0131n s\u00f6k\u00fclece\u011fi bildirildi.Akbelen Ormanlar\u0131\u2019nda zeytin a\u011fa\u00e7lar\u0131n\u0131n s\u00f6k\u00fcm\u00fc jandarma e\u015fli\u011finde ba\u015flad\u0131. Yurtta\u015flar i\u015flemin durdurulmas\u0131 ve iptali i\u00e7in Dan\u0131\u015ftay 8. Dairesine dava a\u00e7arken bilgi edinme ba\u015fvurusunda toplam 151 zeytin a\u011fac\u0131n\u0131n s\u00f6k\u00fclece\u011fi bildirildi.\u00a0<a href=\"https:\/\/www.cumhuriyet.com.tr\/turkiye\/akbelen-deki-zeytinlikler-icin-bir-kez-daha-danistay-a-gidildi-2465552\" target=\"_blank\" class=\"feedzy-rss-link-icon\">Read More<\/a><\/p>","protected":false},"excerpt":{"rendered":"<p>Akbelen Ormanlar\u0131\u2019nda zeytin a\u011fa\u00e7lar\u0131n\u0131n s\u00f6k\u00fcm\u00fc jandarma e\u015fli\u011finde ba\u015flad\u0131. Yurtta\u015flar i\u015flemin durdurulmas\u0131 ve iptali i\u00e7in Dan\u0131\u015ftay 8. Dairesine dava a\u00e7arken bilgi edinme ba\u015fvurusunda toplam 151 zeytin a\u011fac\u0131n\u0131n s\u00f6k\u00fclece\u011fi bildirildi.Akbelen Ormanlar\u0131\u2019nda zeytin a\u011fa\u00e7lar\u0131n\u0131n s\u00f6k\u00fcm\u00fc jandarma e\u015fli\u011finde ba\u015flad\u0131. Yurtta\u015flar i\u015flemin durdurulmas\u0131 ve iptali i\u00e7in Dan\u0131\u015ftay 8. Dairesine dava a\u00e7arken bilgi edinme ba\u015fvurusunda toplam 151 zeytin a\u011fac\u0131n\u0131n s\u00f6k\u00fclece\u011fi bildirildi.\u00a0Read [&hellip;]<\/p>\n","protected":false},"author":1,"featured_media":15922,"comment_status":"open","ping_status":"open","sticky":false,"template":"","format":"standard","meta":{"footnotes":"","_links_to":"","_links_to_target":""},"categories":[1],"tags":[],"class_list":["post-15921","post","type-post","status-publish","format-standard","has-post-thumbnail","hentry","category-haberler"],"_links":{"self":[{"href":"https:\/\/www.abchukuk.com\/index.php\/wp-json\/wp\/v2\/posts\/15921","targetHints":{"allow":["GET"]}}],"collection":[{"href":"https:\/\/www.abchukuk.com\/index.php\/wp-json\/wp\/v2\/posts"}],"about":[{"href":"https:\/\/www.abchukuk.com\/index.php\/wp-json\/wp\/v2\/types\/post"}],"author":[{"embeddable":true,"href":"https:\/\/www.abchukuk.com\/index.php\/wp-json\/wp\/v2\/users\/1"}],"replies":[{"embeddable":true,"href":"https:\/\/www.abchukuk.com\/index.php\/wp-json\/wp\/v2\/comments?post=15921"}],"version-history":[{"count":0,"href":"https:\/\/www.abchukuk.com\/index.php\/wp-json\/wp\/v2\/posts\/15921\/revisions"}],"wp:featuredmedia":[{"embeddable":true,"href":"https:\/\/www.abchukuk.com\/index.php\/wp-json\/wp\/v2\/media\/15922"}],"wp:attachment":[{"href":"https:\/\/www.abchukuk.com\/index.php\/wp-json\/wp\/v2\/media?parent=15921"}],"wp:term":[{"taxonomy":"category","embeddable":true,"href":"https:\/\/www.abchukuk.com\/index.php\/wp-json\/wp\/v2\/categories?post=15921"},{"taxonomy":"post_tag","embeddable":true,"href":"https:\/\/www.abchukuk.com\/index.php\/wp-json\/wp\/v2\/tags?post=15921"}],"curies":[{"name":"wp","href":"https:\/\/api.w.org\/{rel}","templated":true}]}}