{"id":15918,"date":"2025-12-29T13:43:03","date_gmt":"2025-12-29T13:43:03","guid":{"rendered":"https:\/\/www.abchukuk.com\/index.php\/2025\/12\/29\/bassavciliktan-sadettin-saran-aciklamasi\/"},"modified":"2025-12-29T13:43:03","modified_gmt":"2025-12-29T13:43:03","slug":"bassavciliktan-sadettin-saran-aciklamasi","status":"publish","type":"post","link":"https:\/\/www.abchukuk.com\/index.php\/2025\/12\/29\/bassavciliktan-sadettin-saran-aciklamasi\/","title":{"rendered":"Ba\u015fsavc\u0131l\u0131ktan Sadettin Saran a\u00e7\u0131klamas\u0131"},"content":{"rendered":"<p>\u0130stanbul Cumhuriyet Ba\u015fsavc\u0131l\u0131\u011f\u0131, Fenerbah\u00e7e Ba\u015fkan\u0131 Sadettin Saran&#8217;\u0131n yapt\u0131rd\u0131\u011f\u0131 testin sonucunun &#8216;negatif&#8217; \u00e7\u0131kt\u0131\u011f\u0131na ili\u015fkin haberlere y\u00f6nelik a\u00e7\u0131klama yapt\u0131 ve kendilerine bir rapor ula\u015fmad\u0131\u011f\u0131n\u0131 duyurdu.\u0130stanbul Cumhuriyet Ba\u015fsavc\u0131l\u0131\u011f\u0131, Fenerbah\u00e7e Ba\u015fkan\u0131 Sadettin Saran&#8217;\u0131n yapt\u0131rd\u0131\u011f\u0131 testin sonucunun &#8216;negatif&#8217; \u00e7\u0131kt\u0131\u011f\u0131na ili\u015fkin haberlere y\u00f6nelik a\u00e7\u0131klama yapt\u0131 ve kendilerine bir rapor ula\u015fmad\u0131\u011f\u0131n\u0131 duyurdu.\u00a0<a href=\"https:\/\/anlatilaninotesi.com.tr\/20251229\/bassavciliktan-sadettin-saran-aciklamasi-1102337761.html\" target=\"_blank\" class=\"feedzy-rss-link-icon\">Read More<\/a><\/p>","protected":false},"excerpt":{"rendered":"<p>\u0130stanbul Cumhuriyet Ba\u015fsavc\u0131l\u0131\u011f\u0131, Fenerbah\u00e7e Ba\u015fkan\u0131 Sadettin Saran&#8217;\u0131n yapt\u0131rd\u0131\u011f\u0131 testin sonucunun &#8216;negatif&#8217; \u00e7\u0131kt\u0131\u011f\u0131na ili\u015fkin haberlere y\u00f6nelik a\u00e7\u0131klama yapt\u0131 ve kendilerine bir rapor ula\u015fmad\u0131\u011f\u0131n\u0131 duyurdu.\u0130stanbul Cumhuriyet Ba\u015fsavc\u0131l\u0131\u011f\u0131, Fenerbah\u00e7e Ba\u015fkan\u0131 Sadettin Saran&#8217;\u0131n yapt\u0131rd\u0131\u011f\u0131 testin sonucunun &#8216;negatif&#8217; \u00e7\u0131kt\u0131\u011f\u0131na ili\u015fkin haberlere y\u00f6nelik a\u00e7\u0131klama yapt\u0131 ve kendilerine bir rapor ula\u015fmad\u0131\u011f\u0131n\u0131 duyurdu.\u00a0Read More<\/p>\n","protected":false},"author":1,"featured_media":0,"comment_status":"open","ping_status":"open","sticky":false,"template":"","format":"standard","meta":{"footnotes":"","_links_to":"","_links_to_target":""},"categories":[1],"tags":[],"class_list":["post-15918","post","type-post","status-publish","format-standard","hentry","category-haberler"],"_links":{"self":[{"href":"https:\/\/www.abchukuk.com\/index.php\/wp-json\/wp\/v2\/posts\/15918","targetHints":{"allow":["GET"]}}],"collection":[{"href":"https:\/\/www.abchukuk.com\/index.php\/wp-json\/wp\/v2\/posts"}],"about":[{"href":"https:\/\/www.abchukuk.com\/index.php\/wp-json\/wp\/v2\/types\/post"}],"author":[{"embeddable":true,"href":"https:\/\/www.abchukuk.com\/index.php\/wp-json\/wp\/v2\/users\/1"}],"replies":[{"embeddable":true,"href":"https:\/\/www.abchukuk.com\/index.php\/wp-json\/wp\/v2\/comments?post=15918"}],"version-history":[{"count":0,"href":"https:\/\/www.abchukuk.com\/index.php\/wp-json\/wp\/v2\/posts\/15918\/revisions"}],"wp:attachment":[{"href":"https:\/\/www.abchukuk.com\/index.php\/wp-json\/wp\/v2\/media?parent=15918"}],"wp:term":[{"taxonomy":"category","embeddable":true,"href":"https:\/\/www.abchukuk.com\/index.php\/wp-json\/wp\/v2\/categories?post=15918"},{"taxonomy":"post_tag","embeddable":true,"href":"https:\/\/www.abchukuk.com\/index.php\/wp-json\/wp\/v2\/tags?post=15918"}],"curies":[{"name":"wp","href":"https:\/\/api.w.org\/{rel}","templated":true}]}}