{"id":15912,"date":"2025-12-29T11:28:36","date_gmt":"2025-12-29T11:28:36","guid":{"rendered":"https:\/\/www.abchukuk.com\/index.php\/2025\/12\/29\/veyis-ates-ve-taner-cagli-uyusturucu-sorusturmasi-kapsaminda-adliyeye-sevk-edildi\/"},"modified":"2025-12-29T11:28:36","modified_gmt":"2025-12-29T11:28:36","slug":"veyis-ates-ve-taner-cagli-uyusturucu-sorusturmasi-kapsaminda-adliyeye-sevk-edildi","status":"publish","type":"post","link":"https:\/\/www.abchukuk.com\/index.php\/2025\/12\/29\/veyis-ates-ve-taner-cagli-uyusturucu-sorusturmasi-kapsaminda-adliyeye-sevk-edildi\/","title":{"rendered":"Veyis Ate\u015f ve Taner \u00c7a\u011fl\u0131 uyu\u015fturucu soru\u015fturmas\u0131 kapsam\u0131nda adliyeye sevk edildi"},"content":{"rendered":"<p>Uyu\u015fturucu soru\u015fturmas\u0131 kapsam\u0131nda g\u00f6zalt\u0131na Habert\u00fcrk eski Genel M\u00fcd\u00fcr\u00fc Veyis Ate\u015f, sosyal medya fenomeni Taner \u00c7a\u011fl\u0131 ve i\u015f insan\u0131 Mustafa Karata\u015f adliyeye sevk edildiUyu\u015fturucu soru\u015fturmas\u0131 kapsam\u0131nda g\u00f6zalt\u0131na Habert\u00fcrk eski Genel M\u00fcd\u00fcr\u00fc Veyis Ate\u015f, sosyal medya fenomeni Taner \u00c7a\u011fl\u0131 ve i\u015f insan\u0131 Mustafa Karata\u015f adliyeye sevk edildi\u00a0<a href=\"https:\/\/anlatilaninotesi.com.tr\/20251229\/veyis-ates-ve-taner-cagli-uyusturucu-sorusturmasi-kapsaminda-adliyeye-sevk-edildi-1102329554.html\" target=\"_blank\" class=\"feedzy-rss-link-icon\">Read More<\/a><\/p>","protected":false},"excerpt":{"rendered":"<p>Uyu\u015fturucu soru\u015fturmas\u0131 kapsam\u0131nda g\u00f6zalt\u0131na Habert\u00fcrk eski Genel M\u00fcd\u00fcr\u00fc Veyis Ate\u015f, sosyal medya fenomeni Taner \u00c7a\u011fl\u0131 ve i\u015f insan\u0131 Mustafa Karata\u015f adliyeye sevk edildiUyu\u015fturucu soru\u015fturmas\u0131 kapsam\u0131nda g\u00f6zalt\u0131na Habert\u00fcrk eski Genel M\u00fcd\u00fcr\u00fc Veyis Ate\u015f, sosyal medya fenomeni Taner \u00c7a\u011fl\u0131 ve i\u015f insan\u0131 Mustafa Karata\u015f adliyeye sevk edildi\u00a0Read More<\/p>\n","protected":false},"author":1,"featured_media":0,"comment_status":"open","ping_status":"open","sticky":false,"template":"","format":"standard","meta":{"footnotes":"","_links_to":"","_links_to_target":""},"categories":[1],"tags":[],"class_list":["post-15912","post","type-post","status-publish","format-standard","hentry","category-haberler"],"_links":{"self":[{"href":"https:\/\/www.abchukuk.com\/index.php\/wp-json\/wp\/v2\/posts\/15912","targetHints":{"allow":["GET"]}}],"collection":[{"href":"https:\/\/www.abchukuk.com\/index.php\/wp-json\/wp\/v2\/posts"}],"about":[{"href":"https:\/\/www.abchukuk.com\/index.php\/wp-json\/wp\/v2\/types\/post"}],"author":[{"embeddable":true,"href":"https:\/\/www.abchukuk.com\/index.php\/wp-json\/wp\/v2\/users\/1"}],"replies":[{"embeddable":true,"href":"https:\/\/www.abchukuk.com\/index.php\/wp-json\/wp\/v2\/comments?post=15912"}],"version-history":[{"count":0,"href":"https:\/\/www.abchukuk.com\/index.php\/wp-json\/wp\/v2\/posts\/15912\/revisions"}],"wp:attachment":[{"href":"https:\/\/www.abchukuk.com\/index.php\/wp-json\/wp\/v2\/media?parent=15912"}],"wp:term":[{"taxonomy":"category","embeddable":true,"href":"https:\/\/www.abchukuk.com\/index.php\/wp-json\/wp\/v2\/categories?post=15912"},{"taxonomy":"post_tag","embeddable":true,"href":"https:\/\/www.abchukuk.com\/index.php\/wp-json\/wp\/v2\/tags?post=15912"}],"curies":[{"name":"wp","href":"https:\/\/api.w.org\/{rel}","templated":true}]}}