{"id":15907,"date":"2025-12-29T12:07:00","date_gmt":"2025-12-29T12:07:00","guid":{"rendered":"https:\/\/www.abchukuk.com\/index.php\/2025\/12\/29\/yargitaydan-narin-guran-karari-nevzat-bahtiyar-yeniden-yargilanacak\/"},"modified":"2025-12-29T12:07:00","modified_gmt":"2025-12-29T12:07:00","slug":"yargitaydan-narin-guran-karari-nevzat-bahtiyar-yeniden-yargilanacak","status":"publish","type":"post","link":"https:\/\/www.abchukuk.com\/index.php\/2025\/12\/29\/yargitaydan-narin-guran-karari-nevzat-bahtiyar-yeniden-yargilanacak\/","title":{"rendered":"Yarg\u0131tay&#8217;dan Narin G\u00fcran karar\u0131: Nevzat Bahtiyar yeniden yarg\u0131lanacak"},"content":{"rendered":"<p>Narin G\u00fcran cinayetiyle ilgili yerel mahkemenin verdi\u011fi karar\u0131 de\u011ferlendiren Yarg\u0131tay anne, amca ve a\u011fabey hakk\u0131ndaki cezas\u0131 onad\u0131. \u0130tiraf\u00e7\u0131 olan Nevzat Bahtiyar&#8217;\u0131n ise yeniden yarg\u0131lanmas\u0131n\u0131 karar verdi.Narin G\u00fcran cinayetiyle ilgili yerel mahkemenin verdi\u011fi karar\u0131 de\u011ferlendiren Yarg\u0131tay anne, amca ve a\u011fabey hakk\u0131ndaki cezas\u0131 onad\u0131. \u0130tiraf\u00e7\u0131 olan Nevzat Bahtiyar&#8217;\u0131n ise yeniden yarg\u0131lanmas\u0131n\u0131 karar verdi.\u00a0<a href=\"https:\/\/anlatilaninotesi.com.tr\/20251229\/yargitaydan-narin-guran-karari-nevzat-bahtiyar-yeniden-yargilanacak-1102332235.html\" target=\"_blank\" class=\"feedzy-rss-link-icon\">Read More<\/a><\/p>","protected":false},"excerpt":{"rendered":"<p>Narin G\u00fcran cinayetiyle ilgili yerel mahkemenin verdi\u011fi karar\u0131 de\u011ferlendiren Yarg\u0131tay anne, amca ve a\u011fabey hakk\u0131ndaki cezas\u0131 onad\u0131. \u0130tiraf\u00e7\u0131 olan Nevzat Bahtiyar&#8217;\u0131n ise yeniden yarg\u0131lanmas\u0131n\u0131 karar verdi.Narin G\u00fcran cinayetiyle ilgili yerel mahkemenin verdi\u011fi karar\u0131 de\u011ferlendiren Yarg\u0131tay anne, amca ve a\u011fabey hakk\u0131ndaki cezas\u0131 onad\u0131. \u0130tiraf\u00e7\u0131 olan Nevzat Bahtiyar&#8217;\u0131n ise yeniden yarg\u0131lanmas\u0131n\u0131 karar verdi.\u00a0Read More<\/p>\n","protected":false},"author":1,"featured_media":0,"comment_status":"open","ping_status":"open","sticky":false,"template":"","format":"standard","meta":{"footnotes":"","_links_to":"","_links_to_target":""},"categories":[1],"tags":[],"class_list":["post-15907","post","type-post","status-publish","format-standard","hentry","category-haberler"],"_links":{"self":[{"href":"https:\/\/www.abchukuk.com\/index.php\/wp-json\/wp\/v2\/posts\/15907","targetHints":{"allow":["GET"]}}],"collection":[{"href":"https:\/\/www.abchukuk.com\/index.php\/wp-json\/wp\/v2\/posts"}],"about":[{"href":"https:\/\/www.abchukuk.com\/index.php\/wp-json\/wp\/v2\/types\/post"}],"author":[{"embeddable":true,"href":"https:\/\/www.abchukuk.com\/index.php\/wp-json\/wp\/v2\/users\/1"}],"replies":[{"embeddable":true,"href":"https:\/\/www.abchukuk.com\/index.php\/wp-json\/wp\/v2\/comments?post=15907"}],"version-history":[{"count":0,"href":"https:\/\/www.abchukuk.com\/index.php\/wp-json\/wp\/v2\/posts\/15907\/revisions"}],"wp:attachment":[{"href":"https:\/\/www.abchukuk.com\/index.php\/wp-json\/wp\/v2\/media?parent=15907"}],"wp:term":[{"taxonomy":"category","embeddable":true,"href":"https:\/\/www.abchukuk.com\/index.php\/wp-json\/wp\/v2\/categories?post=15907"},{"taxonomy":"post_tag","embeddable":true,"href":"https:\/\/www.abchukuk.com\/index.php\/wp-json\/wp\/v2\/tags?post=15907"}],"curies":[{"name":"wp","href":"https:\/\/api.w.org\/{rel}","templated":true}]}}