{"id":15905,"date":"2025-12-29T12:10:00","date_gmt":"2025-12-29T12:10:00","guid":{"rendered":"https:\/\/www.abchukuk.com\/index.php\/2025\/12\/29\/ibb-itfaiye-daire-baskani-remzi-albayrak-ve-3-kisi-adliyeye-sevk-edildi\/"},"modified":"2025-12-29T12:10:00","modified_gmt":"2025-12-29T12:10:00","slug":"ibb-itfaiye-daire-baskani-remzi-albayrak-ve-3-kisi-adliyeye-sevk-edildi","status":"publish","type":"post","link":"https:\/\/www.abchukuk.com\/index.php\/2025\/12\/29\/ibb-itfaiye-daire-baskani-remzi-albayrak-ve-3-kisi-adliyeye-sevk-edildi\/","title":{"rendered":"\u0130BB \u0130tfaiye Daire Ba\u015fkan\u0131 Remzi Albayrak ve 3 Ki\u015fi Adliyeye Sevk Edildi"},"content":{"rendered":"<p><a href=\"https:\/\/www.gercekgundem.com\/guncel\/ibb-itfaiye-daire-baskani-remzi-albayrak-ve-3-kisi-adliyeye-sevk-edildi-564283\"><br \/>\n                                                            <img decoding=\"async\" src=\"https:\/\/i.gercekgundem.com\/2\/150\/84\/storage\/files\/images\/2025\/12\/29\/ibb-itfaiye-daire-baskani-remzi-albayrak-ve-3-kisi-adliyeye-sevk-edildi-vccl.jpg\" width=\"150\" height=\"84\" border=\"0\" align=\"right\" \/><br \/>\n                                                    <\/a><\/p>\n<h4>Bayrampa\u015fa Belediyesi&#8217;ne y\u00f6nelik d\u00fczenlenen operasyonda g\u00f6zalt\u0131na al\u0131nan \u0130BB \u0130tfaiye Daire Ba\u015fkan\u0131 Remzi Albayrak ile birlikte 3 ki\u015fi adliyeye sevk edildi.<\/h4>\n<p>Bayrampa\u015fa Belediyesi&#8217;ne y\u00f6nelik d\u00fczenlenen operasyonda g\u00f6zalt\u0131na al\u0131nan \u0130BB \u0130tfaiye Daire Ba\u015fkan\u0131 Remzi Albayrak ile birlikte 3 ki\u015fi adliyeye sevk edildi.\u00a0<a href=\"https:\/\/www.gercekgundem.com\/guncel\/ibb-itfaiye-daire-baskani-remzi-albayrak-ve-3-kisi-adliyeye-sevk-edildi-564283\" target=\"_blank\" class=\"feedzy-rss-link-icon\">Read More<\/a><\/p>","protected":false},"excerpt":{"rendered":"<p>Bayrampa\u015fa Belediyesi&#8217;ne y\u00f6nelik d\u00fczenlenen operasyonda g\u00f6zalt\u0131na al\u0131nan \u0130BB \u0130tfaiye Daire Ba\u015fkan\u0131 Remzi Albayrak ile birlikte 3 ki\u015fi adliyeye sevk edildi. Bayrampa\u015fa Belediyesi&#8217;ne y\u00f6nelik d\u00fczenlenen operasyonda g\u00f6zalt\u0131na al\u0131nan \u0130BB \u0130tfaiye Daire Ba\u015fkan\u0131 Remzi Albayrak ile birlikte 3 ki\u015fi adliyeye sevk edildi.\u00a0Read More<\/p>\n","protected":false},"author":1,"featured_media":15906,"comment_status":"open","ping_status":"open","sticky":false,"template":"","format":"standard","meta":{"footnotes":"","_links_to":"","_links_to_target":""},"categories":[1],"tags":[],"class_list":["post-15905","post","type-post","status-publish","format-standard","has-post-thumbnail","hentry","category-haberler"],"_links":{"self":[{"href":"https:\/\/www.abchukuk.com\/index.php\/wp-json\/wp\/v2\/posts\/15905","targetHints":{"allow":["GET"]}}],"collection":[{"href":"https:\/\/www.abchukuk.com\/index.php\/wp-json\/wp\/v2\/posts"}],"about":[{"href":"https:\/\/www.abchukuk.com\/index.php\/wp-json\/wp\/v2\/types\/post"}],"author":[{"embeddable":true,"href":"https:\/\/www.abchukuk.com\/index.php\/wp-json\/wp\/v2\/users\/1"}],"replies":[{"embeddable":true,"href":"https:\/\/www.abchukuk.com\/index.php\/wp-json\/wp\/v2\/comments?post=15905"}],"version-history":[{"count":0,"href":"https:\/\/www.abchukuk.com\/index.php\/wp-json\/wp\/v2\/posts\/15905\/revisions"}],"wp:featuredmedia":[{"embeddable":true,"href":"https:\/\/www.abchukuk.com\/index.php\/wp-json\/wp\/v2\/media\/15906"}],"wp:attachment":[{"href":"https:\/\/www.abchukuk.com\/index.php\/wp-json\/wp\/v2\/media?parent=15905"}],"wp:term":[{"taxonomy":"category","embeddable":true,"href":"https:\/\/www.abchukuk.com\/index.php\/wp-json\/wp\/v2\/categories?post=15905"},{"taxonomy":"post_tag","embeddable":true,"href":"https:\/\/www.abchukuk.com\/index.php\/wp-json\/wp\/v2\/tags?post=15905"}],"curies":[{"name":"wp","href":"https:\/\/api.w.org\/{rel}","templated":true}]}}