{"id":15903,"date":"2025-12-29T12:17:00","date_gmt":"2025-12-29T12:17:00","guid":{"rendered":"https:\/\/www.abchukuk.com\/index.php\/2025\/12\/29\/narin-guran-cinayetinde-kritik-gelisme-itirafci-nevzat-bahtiyar-yeniden-yargilanacak\/"},"modified":"2025-12-29T12:17:00","modified_gmt":"2025-12-29T12:17:00","slug":"narin-guran-cinayetinde-kritik-gelisme-itirafci-nevzat-bahtiyar-yeniden-yargilanacak","status":"publish","type":"post","link":"https:\/\/www.abchukuk.com\/index.php\/2025\/12\/29\/narin-guran-cinayetinde-kritik-gelisme-itirafci-nevzat-bahtiyar-yeniden-yargilanacak\/","title":{"rendered":"Narin G\u00fcran cinayetinde kritik geli\u015fme! \u0130tiraf\u00e7\u0131 Nevzat Bahtiyar yeniden yarg\u0131lanacak"},"content":{"rendered":"<p>Narin G\u00fcran cinayetinde amca Salim, anne Y\u00fcksel ve a\u011fabey Enes G\u00fcran hakk\u0131nda verilen, &#8220;a\u011f\u0131rla\u015ft\u0131r\u0131lm\u0131\u015f m\u00fcebbet hapis cezas\u0131&#8221; Yarg\u0131tay taraf\u0131ndan onan\u0131rken, Nevzat Bahtiyar hakk\u0131ndaki karar bozularak, &#8220;\u00f6ld\u00fcrmeye yard\u0131m etmek su\u00e7undan&#8221; yarg\u0131lanmas\u0131na karar verildi.Narin G\u00fcran cinayetinde amca Salim, anne Y\u00fcksel ve a\u011fabey Enes G\u00fcran hakk\u0131nda verilen, &#8220;a\u011f\u0131rla\u015ft\u0131r\u0131lm\u0131\u015f m\u00fcebbet hapis cezas\u0131&#8221; Yarg\u0131tay taraf\u0131ndan onan\u0131rken, Nevzat Bahtiyar hakk\u0131ndaki karar bozularak, &#8220;\u00f6ld\u00fcrmeye yard\u0131m etmek su\u00e7undan&#8221; yarg\u0131lanmas\u0131na karar verildi.\u00a0<a href=\"https:\/\/www.dunya.com\/gundem\/narin-guran-cinayetinde-kritik-gelisme-itirafci-nevzat-bahtiyar-yeniden-yargilanacak-haberi-809242\" target=\"_blank\" class=\"feedzy-rss-link-icon\">Read More<\/a><\/p>","protected":false},"excerpt":{"rendered":"<p>Narin G\u00fcran cinayetinde amca Salim, anne Y\u00fcksel ve a\u011fabey Enes G\u00fcran hakk\u0131nda verilen, &#8220;a\u011f\u0131rla\u015ft\u0131r\u0131lm\u0131\u015f m\u00fcebbet hapis cezas\u0131&#8221; Yarg\u0131tay taraf\u0131ndan onan\u0131rken, Nevzat Bahtiyar hakk\u0131ndaki karar bozularak, &#8220;\u00f6ld\u00fcrmeye yard\u0131m etmek su\u00e7undan&#8221; yarg\u0131lanmas\u0131na karar verildi.Narin G\u00fcran cinayetinde amca Salim, anne Y\u00fcksel ve a\u011fabey Enes G\u00fcran hakk\u0131nda verilen, &#8220;a\u011f\u0131rla\u015ft\u0131r\u0131lm\u0131\u015f m\u00fcebbet hapis cezas\u0131&#8221; Yarg\u0131tay taraf\u0131ndan onan\u0131rken, Nevzat Bahtiyar hakk\u0131ndaki karar [&hellip;]<\/p>\n","protected":false},"author":1,"featured_media":15904,"comment_status":"open","ping_status":"open","sticky":false,"template":"","format":"standard","meta":{"footnotes":"","_links_to":"","_links_to_target":""},"categories":[1],"tags":[],"class_list":["post-15903","post","type-post","status-publish","format-standard","has-post-thumbnail","hentry","category-haberler"],"_links":{"self":[{"href":"https:\/\/www.abchukuk.com\/index.php\/wp-json\/wp\/v2\/posts\/15903","targetHints":{"allow":["GET"]}}],"collection":[{"href":"https:\/\/www.abchukuk.com\/index.php\/wp-json\/wp\/v2\/posts"}],"about":[{"href":"https:\/\/www.abchukuk.com\/index.php\/wp-json\/wp\/v2\/types\/post"}],"author":[{"embeddable":true,"href":"https:\/\/www.abchukuk.com\/index.php\/wp-json\/wp\/v2\/users\/1"}],"replies":[{"embeddable":true,"href":"https:\/\/www.abchukuk.com\/index.php\/wp-json\/wp\/v2\/comments?post=15903"}],"version-history":[{"count":0,"href":"https:\/\/www.abchukuk.com\/index.php\/wp-json\/wp\/v2\/posts\/15903\/revisions"}],"wp:featuredmedia":[{"embeddable":true,"href":"https:\/\/www.abchukuk.com\/index.php\/wp-json\/wp\/v2\/media\/15904"}],"wp:attachment":[{"href":"https:\/\/www.abchukuk.com\/index.php\/wp-json\/wp\/v2\/media?parent=15903"}],"wp:term":[{"taxonomy":"category","embeddable":true,"href":"https:\/\/www.abchukuk.com\/index.php\/wp-json\/wp\/v2\/categories?post=15903"},{"taxonomy":"post_tag","embeddable":true,"href":"https:\/\/www.abchukuk.com\/index.php\/wp-json\/wp\/v2\/tags?post=15903"}],"curies":[{"name":"wp","href":"https:\/\/api.w.org\/{rel}","templated":true}]}}