{"id":15901,"date":"2025-12-29T12:25:00","date_gmt":"2025-12-29T12:25:00","guid":{"rendered":"https:\/\/www.abchukuk.com\/index.php\/2025\/12\/29\/son-dakika-yargitaydan-narin-guran-davasina-iliskin-karar\/"},"modified":"2025-12-29T12:25:00","modified_gmt":"2025-12-29T12:25:00","slug":"son-dakika-yargitaydan-narin-guran-davasina-iliskin-karar","status":"publish","type":"post","link":"https:\/\/www.abchukuk.com\/index.php\/2025\/12\/29\/son-dakika-yargitaydan-narin-guran-davasina-iliskin-karar\/","title":{"rendered":"Son Dakika&#8230; Yarg\u0131tay&#8217;dan &#8216;Narin G\u00fcran davas\u0131&#8217;na ili\u015fkin karar!"},"content":{"rendered":"<p>Son dakika geli\u015fmesi&#8230; Yarg\u0131tay 1. Ceza Dairesi, Narin G\u00fcran cinayeti davas\u0131nda amca Salim G\u00fcran, anne Y\u00fcksel G\u00fcran ve a\u011fabey Enes G\u00fcran hakk\u0131nda verilen a\u011f\u0131rla\u015ft\u0131r\u0131lm\u0131\u015f m\u00fcebbet hapis cezalar\u0131n\u0131 onad\u0131. \u0130tiraf\u00e7\u0131 san\u0131k Nevzat Bahtiyar\u2019a verilen h\u00fck\u00fcm ise bozuldu.Son dakika geli\u015fmesi&#8230; Yarg\u0131tay 1. Ceza Dairesi, Narin G\u00fcran cinayeti davas\u0131nda amca Salim G\u00fcran, anne Y\u00fcksel G\u00fcran ve a\u011fabey Enes G\u00fcran hakk\u0131nda verilen a\u011f\u0131rla\u015ft\u0131r\u0131lm\u0131\u015f m\u00fcebbet hapis cezalar\u0131n\u0131 onad\u0131. \u0130tiraf\u00e7\u0131 san\u0131k Nevzat Bahtiyar\u2019a verilen h\u00fck\u00fcm ise bozuldu.\u00a0<a href=\"https:\/\/www.cumhuriyet.com.tr\/turkiye\/son-dakika-yargitay-dan-narin-guran-davasi-na-iliskin-karar-2465523\" target=\"_blank\" class=\"feedzy-rss-link-icon\">Read More<\/a><\/p>","protected":false},"excerpt":{"rendered":"<p>Son dakika geli\u015fmesi&#8230; Yarg\u0131tay 1. Ceza Dairesi, Narin G\u00fcran cinayeti davas\u0131nda amca Salim G\u00fcran, anne Y\u00fcksel G\u00fcran ve a\u011fabey Enes G\u00fcran hakk\u0131nda verilen a\u011f\u0131rla\u015ft\u0131r\u0131lm\u0131\u015f m\u00fcebbet hapis cezalar\u0131n\u0131 onad\u0131. \u0130tiraf\u00e7\u0131 san\u0131k Nevzat Bahtiyar\u2019a verilen h\u00fck\u00fcm ise bozuldu.Son dakika geli\u015fmesi&#8230; Yarg\u0131tay 1. Ceza Dairesi, Narin G\u00fcran cinayeti davas\u0131nda amca Salim G\u00fcran, anne Y\u00fcksel G\u00fcran ve a\u011fabey Enes [&hellip;]<\/p>\n","protected":false},"author":1,"featured_media":15902,"comment_status":"open","ping_status":"open","sticky":false,"template":"","format":"standard","meta":{"footnotes":"","_links_to":"","_links_to_target":""},"categories":[1],"tags":[],"class_list":["post-15901","post","type-post","status-publish","format-standard","has-post-thumbnail","hentry","category-haberler"],"_links":{"self":[{"href":"https:\/\/www.abchukuk.com\/index.php\/wp-json\/wp\/v2\/posts\/15901","targetHints":{"allow":["GET"]}}],"collection":[{"href":"https:\/\/www.abchukuk.com\/index.php\/wp-json\/wp\/v2\/posts"}],"about":[{"href":"https:\/\/www.abchukuk.com\/index.php\/wp-json\/wp\/v2\/types\/post"}],"author":[{"embeddable":true,"href":"https:\/\/www.abchukuk.com\/index.php\/wp-json\/wp\/v2\/users\/1"}],"replies":[{"embeddable":true,"href":"https:\/\/www.abchukuk.com\/index.php\/wp-json\/wp\/v2\/comments?post=15901"}],"version-history":[{"count":0,"href":"https:\/\/www.abchukuk.com\/index.php\/wp-json\/wp\/v2\/posts\/15901\/revisions"}],"wp:featuredmedia":[{"embeddable":true,"href":"https:\/\/www.abchukuk.com\/index.php\/wp-json\/wp\/v2\/media\/15902"}],"wp:attachment":[{"href":"https:\/\/www.abchukuk.com\/index.php\/wp-json\/wp\/v2\/media?parent=15901"}],"wp:term":[{"taxonomy":"category","embeddable":true,"href":"https:\/\/www.abchukuk.com\/index.php\/wp-json\/wp\/v2\/categories?post=15901"},{"taxonomy":"post_tag","embeddable":true,"href":"https:\/\/www.abchukuk.com\/index.php\/wp-json\/wp\/v2\/tags?post=15901"}],"curies":[{"name":"wp","href":"https:\/\/api.w.org\/{rel}","templated":true}]}}