{"id":15890,"date":"2025-12-29T10:28:00","date_gmt":"2025-12-29T10:28:00","guid":{"rendered":"https:\/\/www.abchukuk.com\/index.php\/2025\/12\/29\/son-dakika-bayrampasa-belediyesine-operasyon-ibb-itfaiye-daire-baskani-remzi-albayrak-dahil-4-kisi-adliyeye-sevk-edildi\/"},"modified":"2025-12-29T10:28:00","modified_gmt":"2025-12-29T10:28:00","slug":"son-dakika-bayrampasa-belediyesine-operasyon-ibb-itfaiye-daire-baskani-remzi-albayrak-dahil-4-kisi-adliyeye-sevk-edildi","status":"publish","type":"post","link":"https:\/\/www.abchukuk.com\/index.php\/2025\/12\/29\/son-dakika-bayrampasa-belediyesine-operasyon-ibb-itfaiye-daire-baskani-remzi-albayrak-dahil-4-kisi-adliyeye-sevk-edildi\/","title":{"rendered":"Son dakika&#8230; Bayrampa\u015fa Belediyesi&#8217;ne operasyon: \u0130BB \u0130tfaiye Daire Ba\u015fkan\u0131 Remzi Albayrak dahil 4 ki\u015fi adliyeye sevk edildi!"},"content":{"rendered":"<p>Son dakika haberi&#8230; Bayrampa\u015fa Belediyesi&#8217;ne y\u00f6nelik operasyon kapsam\u0131nda hafta sonu g\u00f6zalt\u0131na al\u0131nan  \u0130BB \u0130tfaiye Daire Ba\u015fkan\u0131 ve Genel Sekreter Yard\u0131mc\u0131s\u0131 Remzi Albayrak&#8217;\u0131n da aralar\u0131nda oldu\u011fu 4 isim adliyeye sevk edildi.Son dakika haberi&#8230; Bayrampa\u015fa Belediyesi&#8217;ne y\u00f6nelik operasyon kapsam\u0131nda hafta sonu g\u00f6zalt\u0131na al\u0131nan  \u0130BB \u0130tfaiye Daire Ba\u015fkan\u0131 ve Genel Sekreter Yard\u0131mc\u0131s\u0131 Remzi Albayrak&#8217;\u0131n da aralar\u0131nda oldu\u011fu 4 isim adliyeye sevk edildi.\u00a0<a href=\"https:\/\/www.cumhuriyet.com.tr\/siyaset\/son-dakika-bayrampasa-belediyesi-ne-operasyon-ibb-itfaiye-daire-baskani-remzi-albayrak-dahil-4-kisi-adliyeye-sevk-edildi-2465484\" target=\"_blank\" class=\"feedzy-rss-link-icon\">Read More<\/a><\/p>","protected":false},"excerpt":{"rendered":"<p>Son dakika haberi&#8230; Bayrampa\u015fa Belediyesi&#8217;ne y\u00f6nelik operasyon kapsam\u0131nda hafta sonu g\u00f6zalt\u0131na al\u0131nan \u0130BB \u0130tfaiye Daire Ba\u015fkan\u0131 ve Genel Sekreter Yard\u0131mc\u0131s\u0131 Remzi Albayrak&#8217;\u0131n da aralar\u0131nda oldu\u011fu 4 isim adliyeye sevk edildi.Son dakika haberi&#8230; Bayrampa\u015fa Belediyesi&#8217;ne y\u00f6nelik operasyon kapsam\u0131nda hafta sonu g\u00f6zalt\u0131na al\u0131nan \u0130BB \u0130tfaiye Daire Ba\u015fkan\u0131 ve Genel Sekreter Yard\u0131mc\u0131s\u0131 Remzi Albayrak&#8217;\u0131n da aralar\u0131nda oldu\u011fu 4 [&hellip;]<\/p>\n","protected":false},"author":1,"featured_media":15891,"comment_status":"open","ping_status":"open","sticky":false,"template":"","format":"standard","meta":{"footnotes":"","_links_to":"","_links_to_target":""},"categories":[1],"tags":[],"class_list":["post-15890","post","type-post","status-publish","format-standard","has-post-thumbnail","hentry","category-haberler"],"_links":{"self":[{"href":"https:\/\/www.abchukuk.com\/index.php\/wp-json\/wp\/v2\/posts\/15890","targetHints":{"allow":["GET"]}}],"collection":[{"href":"https:\/\/www.abchukuk.com\/index.php\/wp-json\/wp\/v2\/posts"}],"about":[{"href":"https:\/\/www.abchukuk.com\/index.php\/wp-json\/wp\/v2\/types\/post"}],"author":[{"embeddable":true,"href":"https:\/\/www.abchukuk.com\/index.php\/wp-json\/wp\/v2\/users\/1"}],"replies":[{"embeddable":true,"href":"https:\/\/www.abchukuk.com\/index.php\/wp-json\/wp\/v2\/comments?post=15890"}],"version-history":[{"count":0,"href":"https:\/\/www.abchukuk.com\/index.php\/wp-json\/wp\/v2\/posts\/15890\/revisions"}],"wp:featuredmedia":[{"embeddable":true,"href":"https:\/\/www.abchukuk.com\/index.php\/wp-json\/wp\/v2\/media\/15891"}],"wp:attachment":[{"href":"https:\/\/www.abchukuk.com\/index.php\/wp-json\/wp\/v2\/media?parent=15890"}],"wp:term":[{"taxonomy":"category","embeddable":true,"href":"https:\/\/www.abchukuk.com\/index.php\/wp-json\/wp\/v2\/categories?post=15890"},{"taxonomy":"post_tag","embeddable":true,"href":"https:\/\/www.abchukuk.com\/index.php\/wp-json\/wp\/v2\/tags?post=15890"}],"curies":[{"name":"wp","href":"https:\/\/api.w.org\/{rel}","templated":true}]}}