{"id":15888,"date":"2025-12-29T10:37:00","date_gmt":"2025-12-29T10:37:00","guid":{"rendered":"https:\/\/www.abchukuk.com\/index.php\/2025\/12\/29\/son-dakika-veyis-ates-ve-taner-cagli-adliyeye-sevk-edildi\/"},"modified":"2025-12-29T10:37:00","modified_gmt":"2025-12-29T10:37:00","slug":"son-dakika-veyis-ates-ve-taner-cagli-adliyeye-sevk-edildi","status":"publish","type":"post","link":"https:\/\/www.abchukuk.com\/index.php\/2025\/12\/29\/son-dakika-veyis-ates-ve-taner-cagli-adliyeye-sevk-edildi\/","title":{"rendered":"Son Dakika&#8230; Veyis Ate\u015f ve Taner \u00c7a\u011fl\u0131 adliyeye sevk edildi"},"content":{"rendered":"<p>Son dakika haberi&#8230; Uyu\u015fturucu soru\u015fturmas\u0131 kapsam\u0131nda g\u00f6zalt\u0131na al\u0131nan Veyis Ate\u015f, Taner \u00c7a\u011fl\u0131 ve Mustafa Karata\u015f, \u00c7a\u011flayan Adliyesi\u2019ne sevk edildi.Son dakika haberi&#8230; Uyu\u015fturucu soru\u015fturmas\u0131 kapsam\u0131nda g\u00f6zalt\u0131na al\u0131nan Veyis Ate\u015f, Taner \u00c7a\u011fl\u0131 ve Mustafa Karata\u015f, \u00c7a\u011flayan Adliyesi\u2019ne sevk edildi.\u00a0<a href=\"https:\/\/www.cumhuriyet.com.tr\/turkiye\/son-dakika-veyis-ates-ve-taner-cagli-adliyeye-sevk-edildi-2465487\" target=\"_blank\" class=\"feedzy-rss-link-icon\">Read More<\/a><\/p>","protected":false},"excerpt":{"rendered":"<p>Son dakika haberi&#8230; Uyu\u015fturucu soru\u015fturmas\u0131 kapsam\u0131nda g\u00f6zalt\u0131na al\u0131nan Veyis Ate\u015f, Taner \u00c7a\u011fl\u0131 ve Mustafa Karata\u015f, \u00c7a\u011flayan Adliyesi\u2019ne sevk edildi.Son dakika haberi&#8230; Uyu\u015fturucu soru\u015fturmas\u0131 kapsam\u0131nda g\u00f6zalt\u0131na al\u0131nan Veyis Ate\u015f, Taner \u00c7a\u011fl\u0131 ve Mustafa Karata\u015f, \u00c7a\u011flayan Adliyesi\u2019ne sevk edildi.\u00a0Read More<\/p>\n","protected":false},"author":1,"featured_media":15889,"comment_status":"open","ping_status":"open","sticky":false,"template":"","format":"standard","meta":{"footnotes":"","_links_to":"","_links_to_target":""},"categories":[1],"tags":[],"class_list":["post-15888","post","type-post","status-publish","format-standard","has-post-thumbnail","hentry","category-haberler"],"_links":{"self":[{"href":"https:\/\/www.abchukuk.com\/index.php\/wp-json\/wp\/v2\/posts\/15888","targetHints":{"allow":["GET"]}}],"collection":[{"href":"https:\/\/www.abchukuk.com\/index.php\/wp-json\/wp\/v2\/posts"}],"about":[{"href":"https:\/\/www.abchukuk.com\/index.php\/wp-json\/wp\/v2\/types\/post"}],"author":[{"embeddable":true,"href":"https:\/\/www.abchukuk.com\/index.php\/wp-json\/wp\/v2\/users\/1"}],"replies":[{"embeddable":true,"href":"https:\/\/www.abchukuk.com\/index.php\/wp-json\/wp\/v2\/comments?post=15888"}],"version-history":[{"count":0,"href":"https:\/\/www.abchukuk.com\/index.php\/wp-json\/wp\/v2\/posts\/15888\/revisions"}],"wp:featuredmedia":[{"embeddable":true,"href":"https:\/\/www.abchukuk.com\/index.php\/wp-json\/wp\/v2\/media\/15889"}],"wp:attachment":[{"href":"https:\/\/www.abchukuk.com\/index.php\/wp-json\/wp\/v2\/media?parent=15888"}],"wp:term":[{"taxonomy":"category","embeddable":true,"href":"https:\/\/www.abchukuk.com\/index.php\/wp-json\/wp\/v2\/categories?post=15888"},{"taxonomy":"post_tag","embeddable":true,"href":"https:\/\/www.abchukuk.com\/index.php\/wp-json\/wp\/v2\/tags?post=15888"}],"curies":[{"name":"wp","href":"https:\/\/api.w.org\/{rel}","templated":true}]}}