{"id":15886,"date":"2025-12-29T10:43:00","date_gmt":"2025-12-29T10:43:00","guid":{"rendered":"https:\/\/www.abchukuk.com\/index.php\/2025\/12\/29\/unlulere-uyusturucu-operasyonunda-flas-gelisme-haberturk-eski-genel-muduru-veyis-ates-ve-taner-cagli-adliyeye-sevk-edildi\/"},"modified":"2025-12-29T10:43:00","modified_gmt":"2025-12-29T10:43:00","slug":"unlulere-uyusturucu-operasyonunda-flas-gelisme-haberturk-eski-genel-muduru-veyis-ates-ve-taner-cagli-adliyeye-sevk-edildi","status":"publish","type":"post","link":"https:\/\/www.abchukuk.com\/index.php\/2025\/12\/29\/unlulere-uyusturucu-operasyonunda-flas-gelisme-haberturk-eski-genel-muduru-veyis-ates-ve-taner-cagli-adliyeye-sevk-edildi\/","title":{"rendered":"\u00dcnl\u00fclere Uyu\u015fturucu Operasyonunda Fla\u015f Geli\u015fme: Habert\u00fcrk eski Genel M\u00fcd\u00fcr\u00fc Veyis Ate\u015f ve Taner \u00c7a\u011fl\u0131 Adliyeye Sevk Edildi"},"content":{"rendered":"<p><a href=\"https:\/\/www.gercekgundem.com\/guncel\/unlulere-uyusturucu-operasyonunda-flas-gelisme-veyis-ates-ve-taner-cagli-adliyeye-sevk-edildi-564277\"><br \/>\n                                                            <img decoding=\"async\" src=\"https:\/\/i.gercekgundem.com\/2\/150\/84\/storage\/files\/images\/2025\/12\/29\/unlulere-uyusturucu-operasyonunda-flas-gelisme-veyis-ates-ve-taner-cagli-adliyeye-sevk-edildi-7cxl.jpg\" width=\"150\" height=\"84\" border=\"0\" align=\"right\" \/><br \/>\n                                                    <\/a><\/p>\n<h4>&#8216;Uyu\u015fturucu&#8217; soru\u015fturmas\u0131 kapsam\u0131nda g\u00f6zalt\u0131na Habert\u00fcrk eski Genel M\u00fcd\u00fcr\u00fc Veyis Ate\u015f ile sanal medya \u00fcnl\u00fcs\u00fc Taner \u00c7a\u011fl\u0131 ve i\u015f insan\u0131 Mustafa Karata\u015f adliyeye sevk edildi.<\/h4>\n<p>&#8216;Uyu\u015fturucu&#8217; soru\u015fturmas\u0131 kapsam\u0131nda g\u00f6zalt\u0131na Habert\u00fcrk eski Genel M\u00fcd\u00fcr\u00fc Veyis Ate\u015f ile sanal medya \u00fcnl\u00fcs\u00fc Taner \u00c7a\u011fl\u0131 ve i\u015f insan\u0131 Mustafa Karata\u015f adliyeye sevk edildi.\u00a0<a href=\"https:\/\/www.gercekgundem.com\/guncel\/unlulere-uyusturucu-operasyonunda-flas-gelisme-veyis-ates-ve-taner-cagli-adliyeye-sevk-edildi-564277\" target=\"_blank\" class=\"feedzy-rss-link-icon\">Read More<\/a><\/p>","protected":false},"excerpt":{"rendered":"<p>&#8216;Uyu\u015fturucu&#8217; soru\u015fturmas\u0131 kapsam\u0131nda g\u00f6zalt\u0131na Habert\u00fcrk eski Genel M\u00fcd\u00fcr\u00fc Veyis Ate\u015f ile sanal medya \u00fcnl\u00fcs\u00fc Taner \u00c7a\u011fl\u0131 ve i\u015f insan\u0131 Mustafa Karata\u015f adliyeye sevk edildi. &#8216;Uyu\u015fturucu&#8217; soru\u015fturmas\u0131 kapsam\u0131nda g\u00f6zalt\u0131na Habert\u00fcrk eski Genel M\u00fcd\u00fcr\u00fc Veyis Ate\u015f ile sanal medya \u00fcnl\u00fcs\u00fc Taner \u00c7a\u011fl\u0131 ve i\u015f insan\u0131 Mustafa Karata\u015f adliyeye sevk edildi.\u00a0Read More<\/p>\n","protected":false},"author":1,"featured_media":15887,"comment_status":"open","ping_status":"open","sticky":false,"template":"","format":"standard","meta":{"footnotes":"","_links_to":"","_links_to_target":""},"categories":[1],"tags":[],"class_list":["post-15886","post","type-post","status-publish","format-standard","has-post-thumbnail","hentry","category-haberler"],"_links":{"self":[{"href":"https:\/\/www.abchukuk.com\/index.php\/wp-json\/wp\/v2\/posts\/15886","targetHints":{"allow":["GET"]}}],"collection":[{"href":"https:\/\/www.abchukuk.com\/index.php\/wp-json\/wp\/v2\/posts"}],"about":[{"href":"https:\/\/www.abchukuk.com\/index.php\/wp-json\/wp\/v2\/types\/post"}],"author":[{"embeddable":true,"href":"https:\/\/www.abchukuk.com\/index.php\/wp-json\/wp\/v2\/users\/1"}],"replies":[{"embeddable":true,"href":"https:\/\/www.abchukuk.com\/index.php\/wp-json\/wp\/v2\/comments?post=15886"}],"version-history":[{"count":0,"href":"https:\/\/www.abchukuk.com\/index.php\/wp-json\/wp\/v2\/posts\/15886\/revisions"}],"wp:featuredmedia":[{"embeddable":true,"href":"https:\/\/www.abchukuk.com\/index.php\/wp-json\/wp\/v2\/media\/15887"}],"wp:attachment":[{"href":"https:\/\/www.abchukuk.com\/index.php\/wp-json\/wp\/v2\/media?parent=15886"}],"wp:term":[{"taxonomy":"category","embeddable":true,"href":"https:\/\/www.abchukuk.com\/index.php\/wp-json\/wp\/v2\/categories?post=15886"},{"taxonomy":"post_tag","embeddable":true,"href":"https:\/\/www.abchukuk.com\/index.php\/wp-json\/wp\/v2\/tags?post=15886"}],"curies":[{"name":"wp","href":"https:\/\/api.w.org\/{rel}","templated":true}]}}