{"id":15884,"date":"2025-12-29T10:52:00","date_gmt":"2025-12-29T10:52:00","guid":{"rendered":"https:\/\/www.abchukuk.com\/index.php\/2025\/12\/29\/danistaydan-saglik-emekcileri-icin-emsal-karar-bosanma-gerekceli-yer-degisikliginde-sure-siniri-kalkiyor\/"},"modified":"2025-12-29T10:52:00","modified_gmt":"2025-12-29T10:52:00","slug":"danistaydan-saglik-emekcileri-icin-emsal-karar-bosanma-gerekceli-yer-degisikliginde-sure-siniri-kalkiyor","status":"publish","type":"post","link":"https:\/\/www.abchukuk.com\/index.php\/2025\/12\/29\/danistaydan-saglik-emekcileri-icin-emsal-karar-bosanma-gerekceli-yer-degisikliginde-sure-siniri-kalkiyor\/","title":{"rendered":"Dan\u0131\u015ftay&#8217;dan sa\u011fl\u0131k emek\u00e7ileri i\u00e7in emsal karar: Bo\u015fanma gerek\u00e7eli yer de\u011fi\u015fikli\u011finde s\u00fcre s\u0131n\u0131r\u0131 kalk\u0131yor"},"content":{"rendered":"<p>Dan\u0131\u015ftay&#8217;\u0131n alm\u0131\u015f oldu\u011fu emsal niteli\u011finde karara g\u00f6re sa\u011fl\u0131k\u00e7\u0131n\u0131n bo\u015fanma gerek\u00e7eli yer de\u011fi\u015fikli\u011fi ba\u015fvurusunda s\u00fcre s\u0131n\u0131r\u0131 kalk\u0131yor.Dan\u0131\u015ftay&#8217;\u0131n alm\u0131\u015f oldu\u011fu emsal niteli\u011finde karara g\u00f6re sa\u011fl\u0131k\u00e7\u0131n\u0131n bo\u015fanma gerek\u00e7eli yer de\u011fi\u015fikli\u011fi ba\u015fvurusunda s\u00fcre s\u0131n\u0131r\u0131 kalk\u0131yor.\u00a0<a href=\"https:\/\/www.cumhuriyet.com.tr\/turkiye\/danistay-dan-saglik-emekcileri-icin-emsal-karar-bosanma-gerekceli-yer-degisikliginde-sure-siniri-kalkiyor-2465491\" target=\"_blank\" class=\"feedzy-rss-link-icon\">Read More<\/a><\/p>","protected":false},"excerpt":{"rendered":"<p>Dan\u0131\u015ftay&#8217;\u0131n alm\u0131\u015f oldu\u011fu emsal niteli\u011finde karara g\u00f6re sa\u011fl\u0131k\u00e7\u0131n\u0131n bo\u015fanma gerek\u00e7eli yer de\u011fi\u015fikli\u011fi ba\u015fvurusunda s\u00fcre s\u0131n\u0131r\u0131 kalk\u0131yor.Dan\u0131\u015ftay&#8217;\u0131n alm\u0131\u015f oldu\u011fu emsal niteli\u011finde karara g\u00f6re sa\u011fl\u0131k\u00e7\u0131n\u0131n bo\u015fanma gerek\u00e7eli yer de\u011fi\u015fikli\u011fi ba\u015fvurusunda s\u00fcre s\u0131n\u0131r\u0131 kalk\u0131yor.\u00a0Read More<\/p>\n","protected":false},"author":1,"featured_media":15885,"comment_status":"open","ping_status":"open","sticky":false,"template":"","format":"standard","meta":{"footnotes":"","_links_to":"","_links_to_target":""},"categories":[1],"tags":[],"class_list":["post-15884","post","type-post","status-publish","format-standard","has-post-thumbnail","hentry","category-haberler"],"_links":{"self":[{"href":"https:\/\/www.abchukuk.com\/index.php\/wp-json\/wp\/v2\/posts\/15884","targetHints":{"allow":["GET"]}}],"collection":[{"href":"https:\/\/www.abchukuk.com\/index.php\/wp-json\/wp\/v2\/posts"}],"about":[{"href":"https:\/\/www.abchukuk.com\/index.php\/wp-json\/wp\/v2\/types\/post"}],"author":[{"embeddable":true,"href":"https:\/\/www.abchukuk.com\/index.php\/wp-json\/wp\/v2\/users\/1"}],"replies":[{"embeddable":true,"href":"https:\/\/www.abchukuk.com\/index.php\/wp-json\/wp\/v2\/comments?post=15884"}],"version-history":[{"count":0,"href":"https:\/\/www.abchukuk.com\/index.php\/wp-json\/wp\/v2\/posts\/15884\/revisions"}],"wp:featuredmedia":[{"embeddable":true,"href":"https:\/\/www.abchukuk.com\/index.php\/wp-json\/wp\/v2\/media\/15885"}],"wp:attachment":[{"href":"https:\/\/www.abchukuk.com\/index.php\/wp-json\/wp\/v2\/media?parent=15884"}],"wp:term":[{"taxonomy":"category","embeddable":true,"href":"https:\/\/www.abchukuk.com\/index.php\/wp-json\/wp\/v2\/categories?post=15884"},{"taxonomy":"post_tag","embeddable":true,"href":"https:\/\/www.abchukuk.com\/index.php\/wp-json\/wp\/v2\/tags?post=15884"}],"curies":[{"name":"wp","href":"https:\/\/api.w.org\/{rel}","templated":true}]}}