{"id":15421,"date":"2025-12-25T12:55:00","date_gmt":"2025-12-25T12:55:00","guid":{"rendered":"https:\/\/www.abchukuk.com\/index.php\/2025\/12\/25\/sigorta-ve-ticaret-hukuku-arastirma-merkezi-kuruluyor\/"},"modified":"2025-12-25T12:55:00","modified_gmt":"2025-12-25T12:55:00","slug":"sigorta-ve-ticaret-hukuku-arastirma-merkezi-kuruluyor","status":"publish","type":"post","link":"https:\/\/www.abchukuk.com\/index.php\/2025\/12\/25\/sigorta-ve-ticaret-hukuku-arastirma-merkezi-kuruluyor\/","title":{"rendered":"Sigorta ve Ticaret Hukuku Ara\u015ft\u0131rma Merkezi kuruluyor"},"content":{"rendered":"<p>T\u00fcrkiye Sigorta Birli\u011fi\u2019nin (TSB) katk\u0131lar\u0131yla ve Alt\u0131nba\u015f \u00dcniversitesi b\u00fcnyesinde hayata ge\u00e7irilecek Sigorta ve Ticaret Hukuku Ara\u015ft\u0131rma Merkezi i\u00e7in imzalar at\u0131ld\u0131. Merkez; sigortac\u0131l\u0131k ve sigorta hukuku ba\u015fta olmak \u00fczere ticaret hukuku alan\u0131nda akademi ile sekt\u00f6r aras\u0131ndaki i\u015f birli\u011fini g\u00fc\u00e7lendirmeyi, bilgi \u00fcretimini uygulama ile bulu\u015fturmay\u0131 hedefliyor.T\u00fcrkiye Sigorta Birli\u011fi\u2019nin (TSB) katk\u0131lar\u0131yla ve Alt\u0131nba\u015f \u00dcniversitesi b\u00fcnyesinde hayata ge\u00e7irilecek Sigorta ve Ticaret Hukuku Ara\u015ft\u0131rma Merkezi i\u00e7in imzalar at\u0131ld\u0131. Merkez; sigortac\u0131l\u0131k ve sigorta hukuku ba\u015fta olmak \u00fczere ticaret hukuku alan\u0131nda akademi ile sekt\u00f6r aras\u0131ndaki i\u015f birli\u011fini g\u00fc\u00e7lendirmeyi, bilgi \u00fcretimini uygulama ile bulu\u015fturmay\u0131 hedefliyor.\u00a0<a href=\"https:\/\/www.dunya.com\/gundem\/sigorta-ve-ticaret-hukuku-arastirma-merkezi-kuruluyor-haberi-808851\" target=\"_blank\" class=\"feedzy-rss-link-icon\">Read More<\/a><\/p>","protected":false},"excerpt":{"rendered":"<p>T\u00fcrkiye Sigorta Birli\u011fi\u2019nin (TSB) katk\u0131lar\u0131yla ve Alt\u0131nba\u015f \u00dcniversitesi b\u00fcnyesinde hayata ge\u00e7irilecek Sigorta ve Ticaret Hukuku Ara\u015ft\u0131rma Merkezi i\u00e7in imzalar at\u0131ld\u0131. Merkez; sigortac\u0131l\u0131k ve sigorta hukuku ba\u015fta olmak \u00fczere ticaret hukuku alan\u0131nda akademi ile sekt\u00f6r aras\u0131ndaki i\u015f birli\u011fini g\u00fc\u00e7lendirmeyi, bilgi \u00fcretimini uygulama ile bulu\u015fturmay\u0131 hedefliyor.T\u00fcrkiye Sigorta Birli\u011fi\u2019nin (TSB) katk\u0131lar\u0131yla ve Alt\u0131nba\u015f \u00dcniversitesi b\u00fcnyesinde hayata ge\u00e7irilecek Sigorta [&hellip;]<\/p>\n","protected":false},"author":1,"featured_media":15422,"comment_status":"open","ping_status":"open","sticky":false,"template":"","format":"standard","meta":{"footnotes":"","_links_to":"","_links_to_target":""},"categories":[1],"tags":[],"class_list":["post-15421","post","type-post","status-publish","format-standard","has-post-thumbnail","hentry","category-haberler"],"_links":{"self":[{"href":"https:\/\/www.abchukuk.com\/index.php\/wp-json\/wp\/v2\/posts\/15421","targetHints":{"allow":["GET"]}}],"collection":[{"href":"https:\/\/www.abchukuk.com\/index.php\/wp-json\/wp\/v2\/posts"}],"about":[{"href":"https:\/\/www.abchukuk.com\/index.php\/wp-json\/wp\/v2\/types\/post"}],"author":[{"embeddable":true,"href":"https:\/\/www.abchukuk.com\/index.php\/wp-json\/wp\/v2\/users\/1"}],"replies":[{"embeddable":true,"href":"https:\/\/www.abchukuk.com\/index.php\/wp-json\/wp\/v2\/comments?post=15421"}],"version-history":[{"count":0,"href":"https:\/\/www.abchukuk.com\/index.php\/wp-json\/wp\/v2\/posts\/15421\/revisions"}],"wp:featuredmedia":[{"embeddable":true,"href":"https:\/\/www.abchukuk.com\/index.php\/wp-json\/wp\/v2\/media\/15422"}],"wp:attachment":[{"href":"https:\/\/www.abchukuk.com\/index.php\/wp-json\/wp\/v2\/media?parent=15421"}],"wp:term":[{"taxonomy":"category","embeddable":true,"href":"https:\/\/www.abchukuk.com\/index.php\/wp-json\/wp\/v2\/categories?post=15421"},{"taxonomy":"post_tag","embeddable":true,"href":"https:\/\/www.abchukuk.com\/index.php\/wp-json\/wp\/v2\/tags?post=15421"}],"curies":[{"name":"wp","href":"https:\/\/api.w.org\/{rel}","templated":true}]}}