{"id":15416,"date":"2025-12-25T13:16:19","date_gmt":"2025-12-25T13:16:19","guid":{"rendered":"https:\/\/www.abchukuk.com\/index.php\/2025\/12\/25\/bakan-tunc-11inci-yargi-paketinden-yararlanacak-hukumlulerin-islemleri-baslatildi\/"},"modified":"2025-12-25T13:16:19","modified_gmt":"2025-12-25T13:16:19","slug":"bakan-tunc-11inci-yargi-paketinden-yararlanacak-hukumlulerin-islemleri-baslatildi","status":"publish","type":"post","link":"https:\/\/www.abchukuk.com\/index.php\/2025\/12\/25\/bakan-tunc-11inci-yargi-paketinden-yararlanacak-hukumlulerin-islemleri-baslatildi\/","title":{"rendered":"Bakan Tun\u00e7: 11\u2019inci Yarg\u0131 Paketi\u2019nden yararlanacak h\u00fck\u00fcml\u00fclerin i\u015flemleri ba\u015flat\u0131ld\u0131"},"content":{"rendered":"<p>Adalet Bakan\u0131 Y\u0131lmaz Tun\u00e7, 11\u2019inci Yarg\u0131 Paketi kapsam\u0131nda ceza infaz sistemine ili\u015fkin \u00f6nemli bir d\u00fczenlemenin uygulamaya al\u0131nd\u0131\u011f\u0131n\u0131 a\u00e7\u0131klad\u0131. Tun\u00e7, ceza infaz kurumlar\u0131nda gerekli haz\u0131rl\u0131klar\u0131n tamamland\u0131\u011f\u0131n\u0131 belirterek, bug\u00fcn itibar\u0131yla d\u00fczenlemeden faydalanacak h\u00fck\u00fcml\u00fclerin i\u015flemlerinin ba\u015flat\u0131ld\u0131\u011f\u0131n\u0131 duyurdu.<\/p>\n<p>D\u00dcZENLEMEYLE \u0130NFAZDA E\u015e\u0130TL\u0130K AMA\u00c7LANIYOR<\/p>\n<p>Bakan Tun\u00e7, a\u00e7\u0131klamas\u0131nda, 31 Temmuz 2023 tarihi itibar\u0131yla kapal\u0131 ceza infaz kurumunda bulunan h\u00fck\u00fcml\u00fclerin yararlanabildi\u011fi erken a\u00e7\u0131k ceza infaz kurumuna ayr\u0131lma ve denetimli serbestlik uygulamas\u0131n\u0131n kapsam\u0131n\u0131n geni\u015fletildi\u011fini belirtti. Buna g\u00f6re, ayn\u0131 tarihte veya daha \u00f6nce i\u015flenen su\u00e7lar nedeniyle h\u00fck\u00fcml\u00fc olanlar\u0131n da bu imk\u00e2nlardan yararlanabilmesi sa\u011fland\u0131. Tun\u00e7, bu ad\u0131m\u0131n su\u00e7 tarihi itibar\u0131yla benzer durumda bulunan h\u00fck\u00fcml\u00fcler aras\u0131nda olu\u015fan farkl\u0131l\u0131klar\u0131 ortadan kald\u0131rd\u0131\u011f\u0131n\u0131 ve infazda e\u015fitlik ilkesini g\u00fc\u00e7lendirdi\u011fini vurgulad\u0131.<\/p>\n<p>3 YIL DAHA ERKEN A\u00c7IK CEZAEV\u0130 VE DENET\u0130ML\u0130 SERBESTL\u0130K<\/p>\n<p>D\u00fczenleme kapsam\u0131nda, 31 Temmuz 2023 ve \u00f6ncesinde i\u015flenen su\u00e7lar bak\u0131m\u0131ndan h\u00fck\u00fcml\u00fclere 3 y\u0131l daha erken a\u00e7\u0131k ceza infaz kurumuna ayr\u0131labilme ve 3 y\u0131l daha erken denetimli serbestli\u011fe ayr\u0131labilme imk\u00e2n\u0131 tan\u0131nd\u0131. Bakan Tun\u00e7, bu d\u00fczenlemenin temel amac\u0131n\u0131n soru\u015fturma ve kovu\u015fturma s\u00fcre\u00e7lerinde h\u00fck\u00fcml\u00fcn\u00fcn iradesi d\u0131\u015f\u0131nda ya\u015fanan gecikmelerin ki\u015fi aleyhine sonu\u00e7 do\u011furmas\u0131n\u0131 engellemek oldu\u011funu ifade etti.<\/p>\n<p>KAPSAM DI\u015eI TUTULAN SU\u00c7LAR A\u00c7IKLANDI<\/p>\n<p>Bakan Tun\u00e7, baz\u0131 su\u00e7lar\u0131n d\u00fczenleme kapsam\u0131 d\u0131\u015f\u0131nda b\u0131rak\u0131ld\u0131\u011f\u0131n\u0131 da a\u00e7\u0131klad\u0131. Buna g\u00f6re; kasten \u00f6ld\u00fcrme su\u00e7lar\u0131n\u0131n belirli nitelikli halleri, deprem nedeniyle bina veya yap\u0131lar\u0131n y\u0131k\u0131lmas\u0131 sonucu meydana gelen \u00f6ld\u00fcrme su\u00e7lar\u0131, cinsel dokunulmazl\u0131\u011fa kar\u015f\u0131 su\u00e7lar, ter\u00f6r su\u00e7lar\u0131 ve \u00f6rg\u00fct faaliyeti kapsam\u0131nda i\u015flenen su\u00e7lar bu d\u00fczenlemeden yararlanamayacak. Tun\u00e7, ceza infaz kurumlar\u0131nda t\u00fcm haz\u0131rl\u0131klar\u0131n tamamland\u0131\u011f\u0131n\u0131 yineleyerek, d\u00fczenlemeden faydalanacak h\u00fck\u00fcml\u00fcler i\u00e7in i\u015flemlerin ba\u015flat\u0131ld\u0131\u011f\u0131n\u0131 kaydetti.<\/p>\n<p>\u00a0<\/p>\n<p>\u00a0<\/p>\n<p>\u00a0<\/p>\n<p>\u00a0<\/p>\n<p>11\u2019inci Yarg\u0131 Paketi kapsam\u0131nda ceza infaz sisteminde e\u015fitsizlikleri gidermeye y\u00f6nelik d\u00fczenlemenin hayata ge\u00e7irildi\u011fini a\u00e7\u0131klayan Adalet Bakan\u0131 Y\u0131lmaz Tun\u00e7, ceza infaz kurumlar\u0131nda t\u00fcm haz\u0131rl\u0131klar\u0131n tamamland\u0131\u011f\u0131n\u0131, bug\u00fcn itibar\u0131yla d\u00fczenlemeden yararlanacak h\u00fck\u00fcml\u00fcler i\u00e7in i\u015flemlerin ba\u015flat\u0131ld\u0131\u011f\u0131n\u0131 bildirdi. D\u00fczenleme ile su\u00e7 tarihi itibar\u0131yla benzer durumda olan h\u00fck\u00fcml\u00fcler aras\u0131ndaki farkl\u0131l\u0131klar\u0131n giderilmesi hedefleniyor.\u00a0<a href=\"https:\/\/www.son.tv\/bakan-tunc-11inci-yargi-paketinden-yararlanacak-hukumlulerin-islemleri-baslatildi\/\" target=\"_blank\" class=\"feedzy-rss-link-icon\">Read More<\/a><\/p>","protected":false},"excerpt":{"rendered":"<p>Adalet Bakan\u0131 Y\u0131lmaz Tun\u00e7, 11\u2019inci Yarg\u0131 Paketi kapsam\u0131nda ceza infaz sistemine ili\u015fkin \u00f6nemli bir d\u00fczenlemenin uygulamaya al\u0131nd\u0131\u011f\u0131n\u0131 a\u00e7\u0131klad\u0131. Tun\u00e7, ceza infaz kurumlar\u0131nda gerekli haz\u0131rl\u0131klar\u0131n tamamland\u0131\u011f\u0131n\u0131 belirterek, bug\u00fcn itibar\u0131yla d\u00fczenlemeden faydalanacak h\u00fck\u00fcml\u00fclerin i\u015flemlerinin ba\u015flat\u0131ld\u0131\u011f\u0131n\u0131 duyurdu. D\u00dcZENLEMEYLE \u0130NFAZDA E\u015e\u0130TL\u0130K AMA\u00c7LANIYOR Bakan Tun\u00e7, a\u00e7\u0131klamas\u0131nda, 31 Temmuz 2023 tarihi itibar\u0131yla kapal\u0131 ceza infaz kurumunda bulunan h\u00fck\u00fcml\u00fclerin yararlanabildi\u011fi erken a\u00e7\u0131k [&hellip;]<\/p>\n","protected":false},"author":1,"featured_media":0,"comment_status":"open","ping_status":"open","sticky":false,"template":"","format":"standard","meta":{"footnotes":"","_links_to":"","_links_to_target":""},"categories":[1],"tags":[],"class_list":["post-15416","post","type-post","status-publish","format-standard","hentry","category-haberler"],"_links":{"self":[{"href":"https:\/\/www.abchukuk.com\/index.php\/wp-json\/wp\/v2\/posts\/15416","targetHints":{"allow":["GET"]}}],"collection":[{"href":"https:\/\/www.abchukuk.com\/index.php\/wp-json\/wp\/v2\/posts"}],"about":[{"href":"https:\/\/www.abchukuk.com\/index.php\/wp-json\/wp\/v2\/types\/post"}],"author":[{"embeddable":true,"href":"https:\/\/www.abchukuk.com\/index.php\/wp-json\/wp\/v2\/users\/1"}],"replies":[{"embeddable":true,"href":"https:\/\/www.abchukuk.com\/index.php\/wp-json\/wp\/v2\/comments?post=15416"}],"version-history":[{"count":0,"href":"https:\/\/www.abchukuk.com\/index.php\/wp-json\/wp\/v2\/posts\/15416\/revisions"}],"wp:attachment":[{"href":"https:\/\/www.abchukuk.com\/index.php\/wp-json\/wp\/v2\/media?parent=15416"}],"wp:term":[{"taxonomy":"category","embeddable":true,"href":"https:\/\/www.abchukuk.com\/index.php\/wp-json\/wp\/v2\/categories?post=15416"},{"taxonomy":"post_tag","embeddable":true,"href":"https:\/\/www.abchukuk.com\/index.php\/wp-json\/wp\/v2\/tags?post=15416"}],"curies":[{"name":"wp","href":"https:\/\/api.w.org\/{rel}","templated":true}]}}