{"id":13764,"date":"2025-12-11T06:18:23","date_gmt":"2025-12-11T06:18:23","guid":{"rendered":"https:\/\/www.abchukuk.com\/index.php\/2025\/12\/11\/grand-kartal-otel-yangini-sorusturmasi-danistay-izin-verdi-bakanlik-burokratlari-sevk-edildi\/"},"modified":"2025-12-11T06:18:23","modified_gmt":"2025-12-11T06:18:23","slug":"grand-kartal-otel-yangini-sorusturmasi-danistay-izin-verdi-bakanlik-burokratlari-sevk-edildi","status":"publish","type":"post","link":"https:\/\/www.abchukuk.com\/index.php\/2025\/12\/11\/grand-kartal-otel-yangini-sorusturmasi-danistay-izin-verdi-bakanlik-burokratlari-sevk-edildi\/","title":{"rendered":"Grand Kartal Otel yang\u0131n\u0131 soru\u015fturmas\u0131: Dan\u0131\u015ftay izin verdi, bakanl\u0131k b\u00fcrokratlar\u0131 sevk edildi"},"content":{"rendered":"<p>Kartalkaya\u2019da 21 Ocak 2025\u2019te 78 ki\u015finin hayat\u0131n\u0131 kaybetti\u011fi, 137 ki\u015finin yaraland\u0131\u011f\u0131 Grand Kartal Otel yang\u0131n\u0131na ili\u015fkin soru\u015fturma kapsam\u0131nda yeni bir ad\u0131m at\u0131ld\u0131. Bolu 1. Sulh Ceza Hakimli\u011fi, K\u00fclt\u00fcr ve Turizm Bakanl\u0131\u011f\u0131\u2019nda g\u00f6revli 9 personel hakk\u0131nda yurt d\u0131\u015f\u0131na \u00e7\u0131k\u0131\u015f yasa\u011f\u0131 karar\u0131 verdi.Kartalkaya\u2019da 21 Ocak 2025\u2019te 78 ki\u015finin hayat\u0131n\u0131 kaybetti\u011fi, 137 ki\u015finin yaraland\u0131\u011f\u0131 Grand Kartal Otel yang\u0131n\u0131na ili\u015fkin soru\u015fturma kapsam\u0131nda yeni bir ad\u0131m at\u0131ld\u0131. Bolu 1. Sulh Ceza Hakimli\u011fi, K\u00fclt\u00fcr ve Turizm Bakanl\u0131\u011f\u0131\u2019nda g\u00f6revli 9 personel hakk\u0131nda yurt d\u0131\u015f\u0131na \u00e7\u0131k\u0131\u015f yasa\u011f\u0131 karar\u0131 verdi.\u00a0<a href=\"https:\/\/anlatilaninotesi.com.tr\/20251211\/grand-kartal-otel-yangini-sorusturmasi-danistay-izin-verdi-bakanlik-burokratlari-sevk-edildi-1101703627.html\" target=\"_blank\" class=\"feedzy-rss-link-icon\">Read More<\/a><\/p>","protected":false},"excerpt":{"rendered":"<p>Kartalkaya\u2019da 21 Ocak 2025\u2019te 78 ki\u015finin hayat\u0131n\u0131 kaybetti\u011fi, 137 ki\u015finin yaraland\u0131\u011f\u0131 Grand Kartal Otel yang\u0131n\u0131na ili\u015fkin soru\u015fturma kapsam\u0131nda yeni bir ad\u0131m at\u0131ld\u0131. Bolu 1. Sulh Ceza Hakimli\u011fi, K\u00fclt\u00fcr ve Turizm Bakanl\u0131\u011f\u0131\u2019nda g\u00f6revli 9 personel hakk\u0131nda yurt d\u0131\u015f\u0131na \u00e7\u0131k\u0131\u015f yasa\u011f\u0131 karar\u0131 verdi.Kartalkaya\u2019da 21 Ocak 2025\u2019te 78 ki\u015finin hayat\u0131n\u0131 kaybetti\u011fi, 137 ki\u015finin yaraland\u0131\u011f\u0131 Grand Kartal Otel yang\u0131n\u0131na [&hellip;]<\/p>\n","protected":false},"author":1,"featured_media":0,"comment_status":"open","ping_status":"open","sticky":false,"template":"","format":"standard","meta":{"footnotes":"","_links_to":"","_links_to_target":""},"categories":[1],"tags":[],"class_list":["post-13764","post","type-post","status-publish","format-standard","hentry","category-haberler"],"_links":{"self":[{"href":"https:\/\/www.abchukuk.com\/index.php\/wp-json\/wp\/v2\/posts\/13764","targetHints":{"allow":["GET"]}}],"collection":[{"href":"https:\/\/www.abchukuk.com\/index.php\/wp-json\/wp\/v2\/posts"}],"about":[{"href":"https:\/\/www.abchukuk.com\/index.php\/wp-json\/wp\/v2\/types\/post"}],"author":[{"embeddable":true,"href":"https:\/\/www.abchukuk.com\/index.php\/wp-json\/wp\/v2\/users\/1"}],"replies":[{"embeddable":true,"href":"https:\/\/www.abchukuk.com\/index.php\/wp-json\/wp\/v2\/comments?post=13764"}],"version-history":[{"count":0,"href":"https:\/\/www.abchukuk.com\/index.php\/wp-json\/wp\/v2\/posts\/13764\/revisions"}],"wp:attachment":[{"href":"https:\/\/www.abchukuk.com\/index.php\/wp-json\/wp\/v2\/media?parent=13764"}],"wp:term":[{"taxonomy":"category","embeddable":true,"href":"https:\/\/www.abchukuk.com\/index.php\/wp-json\/wp\/v2\/categories?post=13764"},{"taxonomy":"post_tag","embeddable":true,"href":"https:\/\/www.abchukuk.com\/index.php\/wp-json\/wp\/v2\/tags?post=13764"}],"curies":[{"name":"wp","href":"https:\/\/api.w.org\/{rel}","templated":true}]}}