{"id":13758,"date":"2025-12-11T05:22:00","date_gmt":"2025-12-11T05:22:00","guid":{"rendered":"https:\/\/www.abchukuk.com\/index.php\/2025\/12\/11\/gazeteci-enver-aysever-gozaltina-alindi\/"},"modified":"2025-12-11T05:22:00","modified_gmt":"2025-12-11T05:22:00","slug":"gazeteci-enver-aysever-gozaltina-alindi","status":"publish","type":"post","link":"https:\/\/www.abchukuk.com\/index.php\/2025\/12\/11\/gazeteci-enver-aysever-gozaltina-alindi\/","title":{"rendered":"Gazeteci Enver Aysever g\u00f6zalt\u0131na al\u0131nd\u0131!"},"content":{"rendered":"<p>Gazeteci Enver Aysever, YouTube hesab\u0131nda payla\u015ft\u0131\u011f\u0131 videoda kulland\u0131\u011f\u0131 ifadeler nedeniyle gece saatlerinde polis ekipleri taraf\u0131ndan \u0130stanbul&#8217;daki evinde g\u00f6zalt\u0131na al\u0131nd\u0131. Aysever\u2019in g\u00f6zalt\u0131na al\u0131nmas\u0131na, \u0130BB Ba\u015fkan\u0131 Ekrem \u0130mamo\u011flu\u2019nun babas\u0131 Hasan \u0130mamo\u011flu\u2019nun a\u00e7\u0131klamalar\u0131na y\u00f6nelik ele\u015ftirilerinin gerek\u00e7e g\u00f6sterildi\u011fi aktar\u0131ld\u0131.Gazeteci Enver Aysever, YouTube hesab\u0131nda payla\u015ft\u0131\u011f\u0131 videoda kulland\u0131\u011f\u0131 ifadeler nedeniyle gece saatlerinde polis ekipleri taraf\u0131ndan \u0130stanbul&#8217;daki evinde g\u00f6zalt\u0131na al\u0131nd\u0131. Aysever\u2019in g\u00f6zalt\u0131na al\u0131nmas\u0131na, \u0130BB Ba\u015fkan\u0131 Ekrem \u0130mamo\u011flu\u2019nun babas\u0131 Hasan \u0130mamo\u011flu\u2019nun a\u00e7\u0131klamalar\u0131na y\u00f6nelik ele\u015ftirilerinin gerek\u00e7e g\u00f6sterildi\u011fi aktar\u0131ld\u0131.\u00a0<a href=\"https:\/\/www.cumhuriyet.com.tr\/turkiye\/gazeteci-enver-aysever-gozaltina-alindi-2460437\" target=\"_blank\" class=\"feedzy-rss-link-icon\">Read More<\/a><\/p>","protected":false},"excerpt":{"rendered":"<p>Gazeteci Enver Aysever, YouTube hesab\u0131nda payla\u015ft\u0131\u011f\u0131 videoda kulland\u0131\u011f\u0131 ifadeler nedeniyle gece saatlerinde polis ekipleri taraf\u0131ndan \u0130stanbul&#8217;daki evinde g\u00f6zalt\u0131na al\u0131nd\u0131. Aysever\u2019in g\u00f6zalt\u0131na al\u0131nmas\u0131na, \u0130BB Ba\u015fkan\u0131 Ekrem \u0130mamo\u011flu\u2019nun babas\u0131 Hasan \u0130mamo\u011flu\u2019nun a\u00e7\u0131klamalar\u0131na y\u00f6nelik ele\u015ftirilerinin gerek\u00e7e g\u00f6sterildi\u011fi aktar\u0131ld\u0131.Gazeteci Enver Aysever, YouTube hesab\u0131nda payla\u015ft\u0131\u011f\u0131 videoda kulland\u0131\u011f\u0131 ifadeler nedeniyle gece saatlerinde polis ekipleri taraf\u0131ndan \u0130stanbul&#8217;daki evinde g\u00f6zalt\u0131na al\u0131nd\u0131. Aysever\u2019in g\u00f6zalt\u0131na [&hellip;]<\/p>\n","protected":false},"author":1,"featured_media":13759,"comment_status":"open","ping_status":"open","sticky":false,"template":"","format":"standard","meta":{"footnotes":"","_links_to":"","_links_to_target":""},"categories":[1],"tags":[],"class_list":["post-13758","post","type-post","status-publish","format-standard","has-post-thumbnail","hentry","category-haberler"],"_links":{"self":[{"href":"https:\/\/www.abchukuk.com\/index.php\/wp-json\/wp\/v2\/posts\/13758","targetHints":{"allow":["GET"]}}],"collection":[{"href":"https:\/\/www.abchukuk.com\/index.php\/wp-json\/wp\/v2\/posts"}],"about":[{"href":"https:\/\/www.abchukuk.com\/index.php\/wp-json\/wp\/v2\/types\/post"}],"author":[{"embeddable":true,"href":"https:\/\/www.abchukuk.com\/index.php\/wp-json\/wp\/v2\/users\/1"}],"replies":[{"embeddable":true,"href":"https:\/\/www.abchukuk.com\/index.php\/wp-json\/wp\/v2\/comments?post=13758"}],"version-history":[{"count":0,"href":"https:\/\/www.abchukuk.com\/index.php\/wp-json\/wp\/v2\/posts\/13758\/revisions"}],"wp:featuredmedia":[{"embeddable":true,"href":"https:\/\/www.abchukuk.com\/index.php\/wp-json\/wp\/v2\/media\/13759"}],"wp:attachment":[{"href":"https:\/\/www.abchukuk.com\/index.php\/wp-json\/wp\/v2\/media?parent=13758"}],"wp:term":[{"taxonomy":"category","embeddable":true,"href":"https:\/\/www.abchukuk.com\/index.php\/wp-json\/wp\/v2\/categories?post=13758"},{"taxonomy":"post_tag","embeddable":true,"href":"https:\/\/www.abchukuk.com\/index.php\/wp-json\/wp\/v2\/tags?post=13758"}],"curies":[{"name":"wp","href":"https:\/\/api.w.org\/{rel}","templated":true}]}}