{"id":13740,"date":"2025-12-11T01:00:00","date_gmt":"2025-12-11T01:00:00","guid":{"rendered":"https:\/\/www.abchukuk.com\/index.php\/2025\/12\/11\/adalet-bakani-tunctan-chpye-kilicdaroglu-cikisi-ibb-davasina-siyasetin-karismadigini-savundu\/"},"modified":"2025-12-11T01:00:00","modified_gmt":"2025-12-11T01:00:00","slug":"adalet-bakani-tunctan-chpye-kilicdaroglu-cikisi-ibb-davasina-siyasetin-karismadigini-savundu","status":"publish","type":"post","link":"https:\/\/www.abchukuk.com\/index.php\/2025\/12\/11\/adalet-bakani-tunctan-chpye-kilicdaroglu-cikisi-ibb-davasina-siyasetin-karismadigini-savundu\/","title":{"rendered":"Adalet Bakan\u0131 Tun\u00e7\u2019tan CHP\u2019ye \u2018K\u0131l\u0131\u00e7daro\u011flu\u2019 \u00e7\u0131k\u0131\u015f\u0131: \u0130BB davas\u0131na siyasetin kar\u0131\u015fmad\u0131\u011f\u0131n\u0131 savundu"},"content":{"rendered":"<p>Adalet Bakanl\u0131\u011f\u0131\u2019n\u0131n b\u00fct\u00e7e g\u00f6r\u00fc\u015fmelerinde Adalet Bakan\u0131 Y\u0131lmaz Tun\u00e7, muhalefetin yarg\u0131ya y\u00f6nelik ele\u015ftirilerine kar\u015f\u0131n CHP 7. Genel Ba\u015fkan\u0131 Kemal K\u0131l\u0131\u00e7daro\u011flu\u2019nun s\u00f6zleriyle savunma yapt\u0131. Bakan Tun\u00e7\u2019un CHP\u2019nin ele\u015ftirilerine kar\u015f\u0131l\u0131k olarak; \u201cSize tavsiyelerde bulunan var, b\u00fcy\u00fc\u011f\u00fcn\u00fcz. Size o tavsiyeleri daha iki sene \u00f6nce Cumhurba\u015fkan\u0131 aday\u0131 olarak g\u00f6sterdi\u011finiz eski Genel Ba\u015fkan\u0131n\u0131z (Kemal K\u0131l\u0131\u00e7daro\u011flu) bulunuyor, \u2018Ar\u0131n\u0131n\u2019 diyor. \u201cCHP se\u00e7menini \u00fczmeyin\u2019 diyor. Dolay\u0131s\u0131yla her se\u00e7imde CHP\u2019li se\u00e7meni hayal k\u0131r\u0131kl\u0131\u011f\u0131na u\u011fratmaya e\u011fer bu \u015fekilde davran\u0131rsan\u0131z, devam edersiniz\u201d demesi dikkat \u00e7ekti.Adalet Bakanl\u0131\u011f\u0131\u2019n\u0131n b\u00fct\u00e7e g\u00f6r\u00fc\u015fmelerinde Adalet Bakan\u0131 Y\u0131lmaz Tun\u00e7, muhalefetin yarg\u0131ya y\u00f6nelik ele\u015ftirilerine kar\u015f\u0131n CHP 7. Genel Ba\u015fkan\u0131 Kemal K\u0131l\u0131\u00e7daro\u011flu\u2019nun s\u00f6zleriyle savunma yapt\u0131. Bakan Tun\u00e7\u2019un CHP\u2019nin ele\u015ftirilerine kar\u015f\u0131l\u0131k olarak; \u201cSize tavsiyelerde bulunan var, b\u00fcy\u00fc\u011f\u00fcn\u00fcz. Size o tavsiyeleri daha iki sene \u00f6nce Cumhurba\u015fkan\u0131 aday\u0131 olarak g\u00f6sterdi\u011finiz eski Genel Ba\u015fkan\u0131n\u0131z (Kemal K\u0131l\u0131\u00e7daro\u011flu) bulunuyor, \u2018Ar\u0131n\u0131n\u2019 diyor. \u201cCHP se\u00e7menini \u00fczmeyin\u2019 diyor. Dolay\u0131s\u0131yla her se\u00e7imde CHP\u2019li se\u00e7meni hayal k\u0131r\u0131kl\u0131\u011f\u0131na u\u011fratmaya e\u011fer bu \u015fekilde davran\u0131rsan\u0131z, devam edersiniz\u201d demesi dikkat \u00e7ekti.\u00a0<a href=\"https:\/\/www.cumhuriyet.com.tr\/turkiye\/adalet-bakani-tunc-tan-chp-ye-kilicdaroglu-cikisi-ibb-davasina-siyasetin-karismadigini-savundu-2460384\" target=\"_blank\" class=\"feedzy-rss-link-icon\">Read More<\/a><\/p>","protected":false},"excerpt":{"rendered":"<p>Adalet Bakanl\u0131\u011f\u0131\u2019n\u0131n b\u00fct\u00e7e g\u00f6r\u00fc\u015fmelerinde Adalet Bakan\u0131 Y\u0131lmaz Tun\u00e7, muhalefetin yarg\u0131ya y\u00f6nelik ele\u015ftirilerine kar\u015f\u0131n CHP 7. Genel Ba\u015fkan\u0131 Kemal K\u0131l\u0131\u00e7daro\u011flu\u2019nun s\u00f6zleriyle savunma yapt\u0131. Bakan Tun\u00e7\u2019un CHP\u2019nin ele\u015ftirilerine kar\u015f\u0131l\u0131k olarak; \u201cSize tavsiyelerde bulunan var, b\u00fcy\u00fc\u011f\u00fcn\u00fcz. Size o tavsiyeleri daha iki sene \u00f6nce Cumhurba\u015fkan\u0131 aday\u0131 olarak g\u00f6sterdi\u011finiz eski Genel Ba\u015fkan\u0131n\u0131z (Kemal K\u0131l\u0131\u00e7daro\u011flu) bulunuyor, \u2018Ar\u0131n\u0131n\u2019 diyor. \u201cCHP se\u00e7menini \u00fczmeyin\u2019 [&hellip;]<\/p>\n","protected":false},"author":1,"featured_media":13741,"comment_status":"open","ping_status":"open","sticky":false,"template":"","format":"standard","meta":{"footnotes":"","_links_to":"","_links_to_target":""},"categories":[1],"tags":[],"class_list":["post-13740","post","type-post","status-publish","format-standard","has-post-thumbnail","hentry","category-haberler"],"_links":{"self":[{"href":"https:\/\/www.abchukuk.com\/index.php\/wp-json\/wp\/v2\/posts\/13740","targetHints":{"allow":["GET"]}}],"collection":[{"href":"https:\/\/www.abchukuk.com\/index.php\/wp-json\/wp\/v2\/posts"}],"about":[{"href":"https:\/\/www.abchukuk.com\/index.php\/wp-json\/wp\/v2\/types\/post"}],"author":[{"embeddable":true,"href":"https:\/\/www.abchukuk.com\/index.php\/wp-json\/wp\/v2\/users\/1"}],"replies":[{"embeddable":true,"href":"https:\/\/www.abchukuk.com\/index.php\/wp-json\/wp\/v2\/comments?post=13740"}],"version-history":[{"count":0,"href":"https:\/\/www.abchukuk.com\/index.php\/wp-json\/wp\/v2\/posts\/13740\/revisions"}],"wp:featuredmedia":[{"embeddable":true,"href":"https:\/\/www.abchukuk.com\/index.php\/wp-json\/wp\/v2\/media\/13741"}],"wp:attachment":[{"href":"https:\/\/www.abchukuk.com\/index.php\/wp-json\/wp\/v2\/media?parent=13740"}],"wp:term":[{"taxonomy":"category","embeddable":true,"href":"https:\/\/www.abchukuk.com\/index.php\/wp-json\/wp\/v2\/categories?post=13740"},{"taxonomy":"post_tag","embeddable":true,"href":"https:\/\/www.abchukuk.com\/index.php\/wp-json\/wp\/v2\/tags?post=13740"}],"curies":[{"name":"wp","href":"https:\/\/api.w.org\/{rel}","templated":true}]}}