{"id":13707,"date":"2025-12-10T17:59:00","date_gmt":"2025-12-10T17:59:00","guid":{"rendered":"https:\/\/www.abchukuk.com\/index.php\/2025\/12\/10\/adliye-soygununda-5-kisi-tutuklandi-aralarinda-aileden-bircok-kisi-var\/"},"modified":"2025-12-10T17:59:00","modified_gmt":"2025-12-10T17:59:00","slug":"adliye-soygununda-5-kisi-tutuklandi-aralarinda-aileden-bircok-kisi-var","status":"publish","type":"post","link":"https:\/\/www.abchukuk.com\/index.php\/2025\/12\/10\/adliye-soygununda-5-kisi-tutuklandi-aralarinda-aileden-bircok-kisi-var\/","title":{"rendered":"Adliye Soygununda 5 Ki\u015fi Tutukland\u0131! Aralar\u0131nda Aileden Bir\u00e7ok Ki\u015fi Var"},"content":{"rendered":"<p><a href=\"https:\/\/www.gercekgundem.com\/guncel\/adliye-soygununda-5-kisi-tutuklandi-aralarinda-aileden-bir-cok-kisi-var-563329\"><br \/>\n                                                            <img decoding=\"async\" src=\"https:\/\/i.gercekgundem.com\/2\/150\/84\/storage\/files\/images\/2025\/12\/10\/adliye-soygununda-5-kisi-tutuklandi-aralarinda-aileden-bir-cok-kisi-var-9oii.jpg\" width=\"150\" height=\"84\" border=\"0\" align=\"right\" \/><br \/>\n                                                    <\/a><\/p>\n<h4>B\u00fcy\u00fck\u00e7ekmece Adliyesi&#8217;ndeki soygunda 5 \u015f\u00fcpheli tutukland\u0131. Tutuklananlar aras\u0131nda firari Erdal T.&#8217;nin kay\u0131nvalidesi, kay\u0131nbiraderi ve kay\u0131npederinin de oldu\u011fu \u00f6\u011frenildi.<\/h4>\n<p>B\u00fcy\u00fck\u00e7ekmece Adliyesi&#8217;ndeki soygunda 5 \u015f\u00fcpheli tutukland\u0131. Tutuklananlar aras\u0131nda firari Erdal T.&#8217;nin kay\u0131nvalidesi, kay\u0131nbiraderi ve kay\u0131npederinin de oldu\u011fu \u00f6\u011frenildi.\u00a0<a href=\"https:\/\/www.gercekgundem.com\/guncel\/adliye-soygununda-5-kisi-tutuklandi-aralarinda-aileden-bir-cok-kisi-var-563329\" target=\"_blank\" class=\"feedzy-rss-link-icon\">Read More<\/a><\/p>","protected":false},"excerpt":{"rendered":"<p>B\u00fcy\u00fck\u00e7ekmece Adliyesi&#8217;ndeki soygunda 5 \u015f\u00fcpheli tutukland\u0131. Tutuklananlar aras\u0131nda firari Erdal T.&#8217;nin kay\u0131nvalidesi, kay\u0131nbiraderi ve kay\u0131npederinin de oldu\u011fu \u00f6\u011frenildi. B\u00fcy\u00fck\u00e7ekmece Adliyesi&#8217;ndeki soygunda 5 \u015f\u00fcpheli tutukland\u0131. Tutuklananlar aras\u0131nda firari Erdal T.&#8217;nin kay\u0131nvalidesi, kay\u0131nbiraderi ve kay\u0131npederinin de oldu\u011fu \u00f6\u011frenildi.\u00a0Read More<\/p>\n","protected":false},"author":1,"featured_media":13708,"comment_status":"open","ping_status":"open","sticky":false,"template":"","format":"standard","meta":{"footnotes":"","_links_to":"","_links_to_target":""},"categories":[1],"tags":[],"class_list":["post-13707","post","type-post","status-publish","format-standard","has-post-thumbnail","hentry","category-haberler"],"_links":{"self":[{"href":"https:\/\/www.abchukuk.com\/index.php\/wp-json\/wp\/v2\/posts\/13707","targetHints":{"allow":["GET"]}}],"collection":[{"href":"https:\/\/www.abchukuk.com\/index.php\/wp-json\/wp\/v2\/posts"}],"about":[{"href":"https:\/\/www.abchukuk.com\/index.php\/wp-json\/wp\/v2\/types\/post"}],"author":[{"embeddable":true,"href":"https:\/\/www.abchukuk.com\/index.php\/wp-json\/wp\/v2\/users\/1"}],"replies":[{"embeddable":true,"href":"https:\/\/www.abchukuk.com\/index.php\/wp-json\/wp\/v2\/comments?post=13707"}],"version-history":[{"count":0,"href":"https:\/\/www.abchukuk.com\/index.php\/wp-json\/wp\/v2\/posts\/13707\/revisions"}],"wp:featuredmedia":[{"embeddable":true,"href":"https:\/\/www.abchukuk.com\/index.php\/wp-json\/wp\/v2\/media\/13708"}],"wp:attachment":[{"href":"https:\/\/www.abchukuk.com\/index.php\/wp-json\/wp\/v2\/media?parent=13707"}],"wp:term":[{"taxonomy":"category","embeddable":true,"href":"https:\/\/www.abchukuk.com\/index.php\/wp-json\/wp\/v2\/categories?post=13707"},{"taxonomy":"post_tag","embeddable":true,"href":"https:\/\/www.abchukuk.com\/index.php\/wp-json\/wp\/v2\/tags?post=13707"}],"curies":[{"name":"wp","href":"https:\/\/api.w.org\/{rel}","templated":true}]}}