{"id":13706,"date":"2025-12-10T17:59:29","date_gmt":"2025-12-10T17:59:29","guid":{"rendered":"https:\/\/www.abchukuk.com\/index.php\/2025\/12\/10\/buyukcekmece-adliyesi-soygunu-5-kisi-tutuklandi\/"},"modified":"2025-12-10T17:59:29","modified_gmt":"2025-12-10T17:59:29","slug":"buyukcekmece-adliyesi-soygunu-5-kisi-tutuklandi","status":"publish","type":"post","link":"https:\/\/www.abchukuk.com\/index.php\/2025\/12\/10\/buyukcekmece-adliyesi-soygunu-5-kisi-tutuklandi\/","title":{"rendered":"B\u00fcy\u00fck\u00e7ekmece Adliyesi soygunu: 5 ki\u015fi tutukland\u0131"},"content":{"rendered":"<p>B\u00fcy\u00fck\u00e7ekmece Adliyesi soygununa ili\u015fkin soru\u015fturmada, \u00e7al\u0131nt\u0131 alt\u0131nlar\u0131n al\u0131m-sat\u0131m\u0131na arac\u0131l\u0131k ettikleri de\u011ferlendirilen firari Erdal T.\u2019nin kay\u0131nvalidesi, kay\u0131nbiraderi ve kay\u0131npederinin de aralar\u0131nda bulundu\u011fu 5 \u015f\u00fcpheli tutukland\u0131. Ayr\u0131ca 8 \u015f\u00fcpheliye adli kontrol uygulanmas\u0131na karar verildi.B\u00fcy\u00fck\u00e7ekmece Adliyesi soygununa ili\u015fkin soru\u015fturmada, \u00e7al\u0131nt\u0131 alt\u0131nlar\u0131n al\u0131m-sat\u0131m\u0131na arac\u0131l\u0131k ettikleri de\u011ferlendirilen firari Erdal T.\u2019nin kay\u0131nvalidesi, kay\u0131nbiraderi ve kay\u0131npederinin de aralar\u0131nda bulundu\u011fu 5 \u015f\u00fcpheli tutukland\u0131. Ayr\u0131ca 8 \u015f\u00fcpheliye adli kontrol uygulanmas\u0131na karar verildi.\u00a0<a href=\"https:\/\/anlatilaninotesi.com.tr\/20251210\/buyukcekmece-adliyesi-soygunu-5-kisi-tutuklandi-1101695765.html\" target=\"_blank\" class=\"feedzy-rss-link-icon\">Read More<\/a><\/p>","protected":false},"excerpt":{"rendered":"<p>B\u00fcy\u00fck\u00e7ekmece Adliyesi soygununa ili\u015fkin soru\u015fturmada, \u00e7al\u0131nt\u0131 alt\u0131nlar\u0131n al\u0131m-sat\u0131m\u0131na arac\u0131l\u0131k ettikleri de\u011ferlendirilen firari Erdal T.\u2019nin kay\u0131nvalidesi, kay\u0131nbiraderi ve kay\u0131npederinin de aralar\u0131nda bulundu\u011fu 5 \u015f\u00fcpheli tutukland\u0131. Ayr\u0131ca 8 \u015f\u00fcpheliye adli kontrol uygulanmas\u0131na karar verildi.B\u00fcy\u00fck\u00e7ekmece Adliyesi soygununa ili\u015fkin soru\u015fturmada, \u00e7al\u0131nt\u0131 alt\u0131nlar\u0131n al\u0131m-sat\u0131m\u0131na arac\u0131l\u0131k ettikleri de\u011ferlendirilen firari Erdal T.\u2019nin kay\u0131nvalidesi, kay\u0131nbiraderi ve kay\u0131npederinin de aralar\u0131nda bulundu\u011fu 5 \u015f\u00fcpheli tutukland\u0131. [&hellip;]<\/p>\n","protected":false},"author":1,"featured_media":0,"comment_status":"open","ping_status":"open","sticky":false,"template":"","format":"standard","meta":{"footnotes":"","_links_to":"","_links_to_target":""},"categories":[1],"tags":[],"class_list":["post-13706","post","type-post","status-publish","format-standard","hentry","category-haberler"],"_links":{"self":[{"href":"https:\/\/www.abchukuk.com\/index.php\/wp-json\/wp\/v2\/posts\/13706","targetHints":{"allow":["GET"]}}],"collection":[{"href":"https:\/\/www.abchukuk.com\/index.php\/wp-json\/wp\/v2\/posts"}],"about":[{"href":"https:\/\/www.abchukuk.com\/index.php\/wp-json\/wp\/v2\/types\/post"}],"author":[{"embeddable":true,"href":"https:\/\/www.abchukuk.com\/index.php\/wp-json\/wp\/v2\/users\/1"}],"replies":[{"embeddable":true,"href":"https:\/\/www.abchukuk.com\/index.php\/wp-json\/wp\/v2\/comments?post=13706"}],"version-history":[{"count":0,"href":"https:\/\/www.abchukuk.com\/index.php\/wp-json\/wp\/v2\/posts\/13706\/revisions"}],"wp:attachment":[{"href":"https:\/\/www.abchukuk.com\/index.php\/wp-json\/wp\/v2\/media?parent=13706"}],"wp:term":[{"taxonomy":"category","embeddable":true,"href":"https:\/\/www.abchukuk.com\/index.php\/wp-json\/wp\/v2\/categories?post=13706"},{"taxonomy":"post_tag","embeddable":true,"href":"https:\/\/www.abchukuk.com\/index.php\/wp-json\/wp\/v2\/tags?post=13706"}],"curies":[{"name":"wp","href":"https:\/\/api.w.org\/{rel}","templated":true}]}}