{"id":13704,"date":"2025-12-10T18:01:00","date_gmt":"2025-12-10T18:01:00","guid":{"rendered":"https:\/\/www.abchukuk.com\/index.php\/2025\/12\/10\/buyukcekmece-adliye-soygununda-5-kisi-tutuklandi\/"},"modified":"2025-12-10T18:01:00","modified_gmt":"2025-12-10T18:01:00","slug":"buyukcekmece-adliye-soygununda-5-kisi-tutuklandi","status":"publish","type":"post","link":"https:\/\/www.abchukuk.com\/index.php\/2025\/12\/10\/buyukcekmece-adliye-soygununda-5-kisi-tutuklandi\/","title":{"rendered":"B\u00fcy\u00fck\u00e7ekmece adliye soygununda 5 ki\u015fi tutukland\u0131"},"content":{"rendered":"<p>B\u00fcy\u00fck\u00e7ekmece Cumhuriyet Ba\u015fsavc\u0131l\u0131\u011f\u0131 Emanet B\u00fcrosundaki kasalardan yakla\u015f\u0131k 25 kilogram alt\u0131n ve 50 kilogram g\u00fcm\u00fc\u015f \u00e7al\u0131nmas\u0131na ili\u015fkin soru\u015fturma kapsam\u0131nda g\u00f6zalt\u0131na al\u0131nan 13 \u015f\u00fcpheliden 5&#8217;i tutukland\u0131.B\u00fcy\u00fck\u00e7ekmece Cumhuriyet Ba\u015fsavc\u0131l\u0131\u011f\u0131 Emanet B\u00fcrosundaki kasalardan yakla\u015f\u0131k 25 kilogram alt\u0131n ve 50 kilogram g\u00fcm\u00fc\u015f \u00e7al\u0131nmas\u0131na ili\u015fkin soru\u015fturma kapsam\u0131nda g\u00f6zalt\u0131na al\u0131nan 13 \u015f\u00fcpheliden 5&#8217;i tutukland\u0131.\u00a0<a href=\"https:\/\/www.dunya.com\/gundem\/buyukcekmece-adliye-soygununda-5-kisi-tutuklandi-haberi-806921\" target=\"_blank\" class=\"feedzy-rss-link-icon\">Read More<\/a><\/p>","protected":false},"excerpt":{"rendered":"<p>B\u00fcy\u00fck\u00e7ekmece Cumhuriyet Ba\u015fsavc\u0131l\u0131\u011f\u0131 Emanet B\u00fcrosundaki kasalardan yakla\u015f\u0131k 25 kilogram alt\u0131n ve 50 kilogram g\u00fcm\u00fc\u015f \u00e7al\u0131nmas\u0131na ili\u015fkin soru\u015fturma kapsam\u0131nda g\u00f6zalt\u0131na al\u0131nan 13 \u015f\u00fcpheliden 5&#8217;i tutukland\u0131.B\u00fcy\u00fck\u00e7ekmece Cumhuriyet Ba\u015fsavc\u0131l\u0131\u011f\u0131 Emanet B\u00fcrosundaki kasalardan yakla\u015f\u0131k 25 kilogram alt\u0131n ve 50 kilogram g\u00fcm\u00fc\u015f \u00e7al\u0131nmas\u0131na ili\u015fkin soru\u015fturma kapsam\u0131nda g\u00f6zalt\u0131na al\u0131nan 13 \u015f\u00fcpheliden 5&#8217;i tutukland\u0131.\u00a0Read More<\/p>\n","protected":false},"author":1,"featured_media":13705,"comment_status":"open","ping_status":"open","sticky":false,"template":"","format":"standard","meta":{"footnotes":"","_links_to":"","_links_to_target":""},"categories":[1],"tags":[],"class_list":["post-13704","post","type-post","status-publish","format-standard","has-post-thumbnail","hentry","category-haberler"],"_links":{"self":[{"href":"https:\/\/www.abchukuk.com\/index.php\/wp-json\/wp\/v2\/posts\/13704","targetHints":{"allow":["GET"]}}],"collection":[{"href":"https:\/\/www.abchukuk.com\/index.php\/wp-json\/wp\/v2\/posts"}],"about":[{"href":"https:\/\/www.abchukuk.com\/index.php\/wp-json\/wp\/v2\/types\/post"}],"author":[{"embeddable":true,"href":"https:\/\/www.abchukuk.com\/index.php\/wp-json\/wp\/v2\/users\/1"}],"replies":[{"embeddable":true,"href":"https:\/\/www.abchukuk.com\/index.php\/wp-json\/wp\/v2\/comments?post=13704"}],"version-history":[{"count":0,"href":"https:\/\/www.abchukuk.com\/index.php\/wp-json\/wp\/v2\/posts\/13704\/revisions"}],"wp:featuredmedia":[{"embeddable":true,"href":"https:\/\/www.abchukuk.com\/index.php\/wp-json\/wp\/v2\/media\/13705"}],"wp:attachment":[{"href":"https:\/\/www.abchukuk.com\/index.php\/wp-json\/wp\/v2\/media?parent=13704"}],"wp:term":[{"taxonomy":"category","embeddable":true,"href":"https:\/\/www.abchukuk.com\/index.php\/wp-json\/wp\/v2\/categories?post=13704"},{"taxonomy":"post_tag","embeddable":true,"href":"https:\/\/www.abchukuk.com\/index.php\/wp-json\/wp\/v2\/tags?post=13704"}],"curies":[{"name":"wp","href":"https:\/\/api.w.org\/{rel}","templated":true}]}}