{"id":13696,"date":"2025-12-10T15:11:00","date_gmt":"2025-12-10T15:11:00","guid":{"rendered":"https:\/\/www.abchukuk.com\/index.php\/2025\/12\/10\/gozaltina-alinmislardi-gullunun-kizi-ve-arkadasinin-avukatlarindan-aciklama-dosyaya-gizlilik-karari-getirilmistir\/"},"modified":"2025-12-10T15:11:00","modified_gmt":"2025-12-10T15:11:00","slug":"gozaltina-alinmislardi-gullunun-kizi-ve-arkadasinin-avukatlarindan-aciklama-dosyaya-gizlilik-karari-getirilmistir","status":"publish","type":"post","link":"https:\/\/www.abchukuk.com\/index.php\/2025\/12\/10\/gozaltina-alinmislardi-gullunun-kizi-ve-arkadasinin-avukatlarindan-aciklama-dosyaya-gizlilik-karari-getirilmistir\/","title":{"rendered":"G\u00f6zalt\u0131na al\u0131nm\u0131\u015flard\u0131&#8230; G\u00fcll\u00fc&#8217;n\u00fcn k\u0131z\u0131 ve arkada\u015f\u0131n\u0131n avukatlar\u0131ndan a\u00e7\u0131klama: &#8216;Dosyaya gizlilik karar\u0131 getirilmi\u015ftir&#8217;"},"content":{"rendered":"<p>Yalova\u2019daki evinin teras\u0131n\u0131n penceresinden d\u00fc\u015ferek hayat\u0131n\u0131 kaybeden \u00fcnl\u00fc sanat\u00e7\u0131 G\u00fcll\u00fc\u2019n\u00fcn \u00f6l\u00fcm\u00fcyle ilgili soru\u015fturma \u00e7er\u00e7evesinde, \u0130stanbul\u2019da g\u00f6zalt\u0131na al\u0131nan sanat\u00e7\u0131n\u0131n k\u0131z\u0131 ve arkada\u015f\u0131n\u0131n avukatlar\u0131 a\u00e7\u0131klama yapt\u0131.Yalova\u2019daki evinin teras\u0131n\u0131n penceresinden d\u00fc\u015ferek hayat\u0131n\u0131 kaybeden \u00fcnl\u00fc sanat\u00e7\u0131 G\u00fcll\u00fc\u2019n\u00fcn \u00f6l\u00fcm\u00fcyle ilgili soru\u015fturma \u00e7er\u00e7evesinde, \u0130stanbul\u2019da g\u00f6zalt\u0131na al\u0131nan sanat\u00e7\u0131n\u0131n k\u0131z\u0131 ve arkada\u015f\u0131n\u0131n avukatlar\u0131 a\u00e7\u0131klama yapt\u0131.\u00a0<a href=\"https:\/\/www.cumhuriyet.com.tr\/turkiye\/gozaltina-alinmislardi-gullu-nun-kizi-ve-arkadasinin-avukatlarindan-aciklama-dosyaya-gizlilik-karari-getirilmistir-2460344\" target=\"_blank\" class=\"feedzy-rss-link-icon\">Read More<\/a><\/p>","protected":false},"excerpt":{"rendered":"<p>Yalova\u2019daki evinin teras\u0131n\u0131n penceresinden d\u00fc\u015ferek hayat\u0131n\u0131 kaybeden \u00fcnl\u00fc sanat\u00e7\u0131 G\u00fcll\u00fc\u2019n\u00fcn \u00f6l\u00fcm\u00fcyle ilgili soru\u015fturma \u00e7er\u00e7evesinde, \u0130stanbul\u2019da g\u00f6zalt\u0131na al\u0131nan sanat\u00e7\u0131n\u0131n k\u0131z\u0131 ve arkada\u015f\u0131n\u0131n avukatlar\u0131 a\u00e7\u0131klama yapt\u0131.Yalova\u2019daki evinin teras\u0131n\u0131n penceresinden d\u00fc\u015ferek hayat\u0131n\u0131 kaybeden \u00fcnl\u00fc sanat\u00e7\u0131 G\u00fcll\u00fc\u2019n\u00fcn \u00f6l\u00fcm\u00fcyle ilgili soru\u015fturma \u00e7er\u00e7evesinde, \u0130stanbul\u2019da g\u00f6zalt\u0131na al\u0131nan sanat\u00e7\u0131n\u0131n k\u0131z\u0131 ve arkada\u015f\u0131n\u0131n avukatlar\u0131 a\u00e7\u0131klama yapt\u0131.\u00a0Read More<\/p>\n","protected":false},"author":1,"featured_media":13697,"comment_status":"open","ping_status":"open","sticky":false,"template":"","format":"standard","meta":{"footnotes":"","_links_to":"","_links_to_target":""},"categories":[1],"tags":[],"class_list":["post-13696","post","type-post","status-publish","format-standard","has-post-thumbnail","hentry","category-haberler"],"_links":{"self":[{"href":"https:\/\/www.abchukuk.com\/index.php\/wp-json\/wp\/v2\/posts\/13696","targetHints":{"allow":["GET"]}}],"collection":[{"href":"https:\/\/www.abchukuk.com\/index.php\/wp-json\/wp\/v2\/posts"}],"about":[{"href":"https:\/\/www.abchukuk.com\/index.php\/wp-json\/wp\/v2\/types\/post"}],"author":[{"embeddable":true,"href":"https:\/\/www.abchukuk.com\/index.php\/wp-json\/wp\/v2\/users\/1"}],"replies":[{"embeddable":true,"href":"https:\/\/www.abchukuk.com\/index.php\/wp-json\/wp\/v2\/comments?post=13696"}],"version-history":[{"count":0,"href":"https:\/\/www.abchukuk.com\/index.php\/wp-json\/wp\/v2\/posts\/13696\/revisions"}],"wp:featuredmedia":[{"embeddable":true,"href":"https:\/\/www.abchukuk.com\/index.php\/wp-json\/wp\/v2\/media\/13697"}],"wp:attachment":[{"href":"https:\/\/www.abchukuk.com\/index.php\/wp-json\/wp\/v2\/media?parent=13696"}],"wp:term":[{"taxonomy":"category","embeddable":true,"href":"https:\/\/www.abchukuk.com\/index.php\/wp-json\/wp\/v2\/categories?post=13696"},{"taxonomy":"post_tag","embeddable":true,"href":"https:\/\/www.abchukuk.com\/index.php\/wp-json\/wp\/v2\/tags?post=13696"}],"curies":[{"name":"wp","href":"https:\/\/api.w.org\/{rel}","templated":true}]}}