{"id":13693,"date":"2025-12-10T15:45:31","date_gmt":"2025-12-10T15:45:31","guid":{"rendered":"https:\/\/www.abchukuk.com\/index.php\/2025\/12\/10\/gazeteci-mehmet-akif-ersoy-adliyeye-sevk-edildi\/"},"modified":"2025-12-10T15:45:31","modified_gmt":"2025-12-10T15:45:31","slug":"gazeteci-mehmet-akif-ersoy-adliyeye-sevk-edildi","status":"publish","type":"post","link":"https:\/\/www.abchukuk.com\/index.php\/2025\/12\/10\/gazeteci-mehmet-akif-ersoy-adliyeye-sevk-edildi\/","title":{"rendered":"Gazeteci Mehmet Akif Ersoy adliyeye sevk edildi"},"content":{"rendered":"<p>\u0130stanbul Cumhuriyet Ba\u015fsavc\u0131l\u0131\u011f\u0131 taraf\u0131ndan y\u00fcr\u00fct\u00fclen uyu\u015fturucu soru\u015fturmas\u0131 kapsam\u0131nda g\u00f6zalt\u0131na al\u0131nan gazeteci Mehmet Akif Ersoy&#8217;la birlikte toplam 8 ki\u015fi, emniyetteki i\u015flemlerinin ard\u0131ndan adliyeye sevk edildi.\u0130stanbul Cumhuriyet Ba\u015fsavc\u0131l\u0131\u011f\u0131 taraf\u0131ndan y\u00fcr\u00fct\u00fclen uyu\u015fturucu soru\u015fturmas\u0131 kapsam\u0131nda g\u00f6zalt\u0131na al\u0131nan gazeteci Mehmet Akif Ersoy&#8217;la birlikte toplam 8 ki\u015fi, emniyetteki i\u015flemlerinin ard\u0131ndan adliyeye sevk edildi.\u00a0<a href=\"https:\/\/anlatilaninotesi.com.tr\/20251210\/gazeteci-mehmet-akif-ersoy-adliyeye-sevk-edildi-1101693979.html\" target=\"_blank\" class=\"feedzy-rss-link-icon\">Read More<\/a><\/p>","protected":false},"excerpt":{"rendered":"<p>\u0130stanbul Cumhuriyet Ba\u015fsavc\u0131l\u0131\u011f\u0131 taraf\u0131ndan y\u00fcr\u00fct\u00fclen uyu\u015fturucu soru\u015fturmas\u0131 kapsam\u0131nda g\u00f6zalt\u0131na al\u0131nan gazeteci Mehmet Akif Ersoy&#8217;la birlikte toplam 8 ki\u015fi, emniyetteki i\u015flemlerinin ard\u0131ndan adliyeye sevk edildi.\u0130stanbul Cumhuriyet Ba\u015fsavc\u0131l\u0131\u011f\u0131 taraf\u0131ndan y\u00fcr\u00fct\u00fclen uyu\u015fturucu soru\u015fturmas\u0131 kapsam\u0131nda g\u00f6zalt\u0131na al\u0131nan gazeteci Mehmet Akif Ersoy&#8217;la birlikte toplam 8 ki\u015fi, emniyetteki i\u015flemlerinin ard\u0131ndan adliyeye sevk edildi.\u00a0Read More<\/p>\n","protected":false},"author":1,"featured_media":0,"comment_status":"open","ping_status":"open","sticky":false,"template":"","format":"standard","meta":{"footnotes":"","_links_to":"","_links_to_target":""},"categories":[1],"tags":[],"class_list":["post-13693","post","type-post","status-publish","format-standard","hentry","category-haberler"],"_links":{"self":[{"href":"https:\/\/www.abchukuk.com\/index.php\/wp-json\/wp\/v2\/posts\/13693","targetHints":{"allow":["GET"]}}],"collection":[{"href":"https:\/\/www.abchukuk.com\/index.php\/wp-json\/wp\/v2\/posts"}],"about":[{"href":"https:\/\/www.abchukuk.com\/index.php\/wp-json\/wp\/v2\/types\/post"}],"author":[{"embeddable":true,"href":"https:\/\/www.abchukuk.com\/index.php\/wp-json\/wp\/v2\/users\/1"}],"replies":[{"embeddable":true,"href":"https:\/\/www.abchukuk.com\/index.php\/wp-json\/wp\/v2\/comments?post=13693"}],"version-history":[{"count":0,"href":"https:\/\/www.abchukuk.com\/index.php\/wp-json\/wp\/v2\/posts\/13693\/revisions"}],"wp:attachment":[{"href":"https:\/\/www.abchukuk.com\/index.php\/wp-json\/wp\/v2\/media?parent=13693"}],"wp:term":[{"taxonomy":"category","embeddable":true,"href":"https:\/\/www.abchukuk.com\/index.php\/wp-json\/wp\/v2\/categories?post=13693"},{"taxonomy":"post_tag","embeddable":true,"href":"https:\/\/www.abchukuk.com\/index.php\/wp-json\/wp\/v2\/tags?post=13693"}],"curies":[{"name":"wp","href":"https:\/\/api.w.org\/{rel}","templated":true}]}}