{"id":13691,"date":"2025-12-10T16:16:00","date_gmt":"2025-12-10T16:16:00","guid":{"rendered":"https:\/\/www.abchukuk.com\/index.php\/2025\/12\/10\/mehmet-akif-ersoy-adliyeye-sevk-edildi\/"},"modified":"2025-12-10T16:16:00","modified_gmt":"2025-12-10T16:16:00","slug":"mehmet-akif-ersoy-adliyeye-sevk-edildi","status":"publish","type":"post","link":"https:\/\/www.abchukuk.com\/index.php\/2025\/12\/10\/mehmet-akif-ersoy-adliyeye-sevk-edildi\/","title":{"rendered":"Mehmet Akif Ersoy Adliyeye Sevk Edildi"},"content":{"rendered":"<p><a href=\"https:\/\/www.gercekgundem.com\/guncel\/mehmet-akif-ersoy-adliyeye-sevk-edildi-563324\"><br \/>\n                                                            <img decoding=\"async\" src=\"https:\/\/i.gercekgundem.com\/2\/150\/84\/storage\/files\/images\/2025\/12\/10\/mehmet-akif-ersoy-adliyeye-sevk-edildi-7kxw.jpg\" width=\"150\" height=\"84\" border=\"0\" align=\"right\" \/><br \/>\n                                                    <\/a><\/p>\n<h4>&#8220;Uyu\u015fturucu&#8221; soru\u015fturmas\u0131 kapsam\u0131nda g\u00f6zalt\u0131na al\u0131nmas\u0131n\u0131n ard\u0131ndan g\u00f6revinden al\u0131nan Habert\u00fcrk Genel Yay\u0131n Y\u00f6netmeni Mehmet Akif Ersoy ve di\u011fer \u015f\u00fcpheliler, Adli T\u0131p Kurumu&#8217;ndaki sa\u011fl\u0131k kontrol\u00fcn\u00fcn ard\u0131ndan adliyeye sevk edildi.<\/h4>\n<p>&#8220;Uyu\u015fturucu&#8221; soru\u015fturmas\u0131 kapsam\u0131nda g\u00f6zalt\u0131na al\u0131nmas\u0131n\u0131n ard\u0131ndan g\u00f6revinden al\u0131nan Habert\u00fcrk Genel Yay\u0131n Y\u00f6netmeni Mehmet Akif Ersoy ve di\u011fer \u015f\u00fcpheliler, Adli T\u0131p Kurumu&#8217;ndaki sa\u011fl\u0131k kontrol\u00fcn\u00fcn ard\u0131ndan adliyeye sevk edildi.\u00a0<a href=\"https:\/\/www.gercekgundem.com\/guncel\/mehmet-akif-ersoy-adliyeye-sevk-edildi-563324\" target=\"_blank\" class=\"feedzy-rss-link-icon\">Read More<\/a><\/p>","protected":false},"excerpt":{"rendered":"<p>&#8220;Uyu\u015fturucu&#8221; soru\u015fturmas\u0131 kapsam\u0131nda g\u00f6zalt\u0131na al\u0131nmas\u0131n\u0131n ard\u0131ndan g\u00f6revinden al\u0131nan Habert\u00fcrk Genel Yay\u0131n Y\u00f6netmeni Mehmet Akif Ersoy ve di\u011fer \u015f\u00fcpheliler, Adli T\u0131p Kurumu&#8217;ndaki sa\u011fl\u0131k kontrol\u00fcn\u00fcn ard\u0131ndan adliyeye sevk edildi. &#8220;Uyu\u015fturucu&#8221; soru\u015fturmas\u0131 kapsam\u0131nda g\u00f6zalt\u0131na al\u0131nmas\u0131n\u0131n ard\u0131ndan g\u00f6revinden al\u0131nan Habert\u00fcrk Genel Yay\u0131n Y\u00f6netmeni Mehmet Akif Ersoy ve di\u011fer \u015f\u00fcpheliler, Adli T\u0131p Kurumu&#8217;ndaki sa\u011fl\u0131k kontrol\u00fcn\u00fcn ard\u0131ndan adliyeye sevk edildi.\u00a0Read More<\/p>\n","protected":false},"author":1,"featured_media":13692,"comment_status":"open","ping_status":"open","sticky":false,"template":"","format":"standard","meta":{"footnotes":"","_links_to":"","_links_to_target":""},"categories":[1],"tags":[],"class_list":["post-13691","post","type-post","status-publish","format-standard","has-post-thumbnail","hentry","category-haberler"],"_links":{"self":[{"href":"https:\/\/www.abchukuk.com\/index.php\/wp-json\/wp\/v2\/posts\/13691","targetHints":{"allow":["GET"]}}],"collection":[{"href":"https:\/\/www.abchukuk.com\/index.php\/wp-json\/wp\/v2\/posts"}],"about":[{"href":"https:\/\/www.abchukuk.com\/index.php\/wp-json\/wp\/v2\/types\/post"}],"author":[{"embeddable":true,"href":"https:\/\/www.abchukuk.com\/index.php\/wp-json\/wp\/v2\/users\/1"}],"replies":[{"embeddable":true,"href":"https:\/\/www.abchukuk.com\/index.php\/wp-json\/wp\/v2\/comments?post=13691"}],"version-history":[{"count":0,"href":"https:\/\/www.abchukuk.com\/index.php\/wp-json\/wp\/v2\/posts\/13691\/revisions"}],"wp:featuredmedia":[{"embeddable":true,"href":"https:\/\/www.abchukuk.com\/index.php\/wp-json\/wp\/v2\/media\/13692"}],"wp:attachment":[{"href":"https:\/\/www.abchukuk.com\/index.php\/wp-json\/wp\/v2\/media?parent=13691"}],"wp:term":[{"taxonomy":"category","embeddable":true,"href":"https:\/\/www.abchukuk.com\/index.php\/wp-json\/wp\/v2\/categories?post=13691"},{"taxonomy":"post_tag","embeddable":true,"href":"https:\/\/www.abchukuk.com\/index.php\/wp-json\/wp\/v2\/tags?post=13691"}],"curies":[{"name":"wp","href":"https:\/\/api.w.org\/{rel}","templated":true}]}}