{"id":13687,"date":"2025-12-10T14:06:00","date_gmt":"2025-12-10T14:06:00","guid":{"rendered":"https:\/\/www.abchukuk.com\/index.php\/2025\/12\/10\/ales-sinav-sonuclari-ne-zaman-aciklanacak-ales-sonuclari-nasil-ve-nereden-sorgulanir\/"},"modified":"2025-12-10T14:06:00","modified_gmt":"2025-12-10T14:06:00","slug":"ales-sinav-sonuclari-ne-zaman-aciklanacak-ales-sonuclari-nasil-ve-nereden-sorgulanir","status":"publish","type":"post","link":"https:\/\/www.abchukuk.com\/index.php\/2025\/12\/10\/ales-sinav-sonuclari-ne-zaman-aciklanacak-ales-sonuclari-nasil-ve-nereden-sorgulanir\/","title":{"rendered":"ALES s\u0131nav sonu\u00e7lar\u0131 ne zaman a\u00e7\u0131klanacak? ALES sonu\u00e7lar\u0131 nas\u0131l ve nereden sorgulan\u0131r?"},"content":{"rendered":"<p>Akademik kariyer hedefi olan adaylar ALES 3 s\u0131navlar\u0131na kat\u0131l\u0131m g\u00f6sterdi. 23 Kas\u0131m&#8217;da ger\u00e7ekle\u015fen s\u0131nav\u0131n ard\u0131ndan g\u00f6zler ALES sonu\u00e7lar\u0131n\u0131n a\u00e7\u0131klanma tarihine \u00e7evrildi. Peki, ALES s\u0131nav sonu\u00e7lar\u0131 ne zaman a\u00e7\u0131klanacak? ALES sonu\u00e7lar\u0131 nas\u0131l ve nereden sorgulan\u0131r?Akademik kariyer hedefi olan adaylar ALES 3 s\u0131navlar\u0131na kat\u0131l\u0131m g\u00f6sterdi. 23 Kas\u0131m&#8217;da ger\u00e7ekle\u015fen s\u0131nav\u0131n ard\u0131ndan g\u00f6zler ALES sonu\u00e7lar\u0131n\u0131n a\u00e7\u0131klanma tarihine \u00e7evrildi. Peki, ALES s\u0131nav sonu\u00e7lar\u0131 ne zaman a\u00e7\u0131klanacak? ALES sonu\u00e7lar\u0131 nas\u0131l ve nereden sorgulan\u0131r?\u00a0<a href=\"https:\/\/www.cumhuriyet.com.tr\/egitim\/ales-sinav-sonuclari-ne-zaman-aciklanacak-ales-sonuclari-nasil-ve-nereden-sorgulanir-2460315\" target=\"_blank\" class=\"feedzy-rss-link-icon\">Read More<\/a><\/p>","protected":false},"excerpt":{"rendered":"<p>Akademik kariyer hedefi olan adaylar ALES 3 s\u0131navlar\u0131na kat\u0131l\u0131m g\u00f6sterdi. 23 Kas\u0131m&#8217;da ger\u00e7ekle\u015fen s\u0131nav\u0131n ard\u0131ndan g\u00f6zler ALES sonu\u00e7lar\u0131n\u0131n a\u00e7\u0131klanma tarihine \u00e7evrildi. Peki, ALES s\u0131nav sonu\u00e7lar\u0131 ne zaman a\u00e7\u0131klanacak? ALES sonu\u00e7lar\u0131 nas\u0131l ve nereden sorgulan\u0131r?Akademik kariyer hedefi olan adaylar ALES 3 s\u0131navlar\u0131na kat\u0131l\u0131m g\u00f6sterdi. 23 Kas\u0131m&#8217;da ger\u00e7ekle\u015fen s\u0131nav\u0131n ard\u0131ndan g\u00f6zler ALES sonu\u00e7lar\u0131n\u0131n a\u00e7\u0131klanma tarihine \u00e7evrildi. Peki, [&hellip;]<\/p>\n","protected":false},"author":1,"featured_media":13688,"comment_status":"open","ping_status":"open","sticky":false,"template":"","format":"standard","meta":{"footnotes":"","_links_to":"","_links_to_target":""},"categories":[1],"tags":[],"class_list":["post-13687","post","type-post","status-publish","format-standard","has-post-thumbnail","hentry","category-haberler"],"_links":{"self":[{"href":"https:\/\/www.abchukuk.com\/index.php\/wp-json\/wp\/v2\/posts\/13687","targetHints":{"allow":["GET"]}}],"collection":[{"href":"https:\/\/www.abchukuk.com\/index.php\/wp-json\/wp\/v2\/posts"}],"about":[{"href":"https:\/\/www.abchukuk.com\/index.php\/wp-json\/wp\/v2\/types\/post"}],"author":[{"embeddable":true,"href":"https:\/\/www.abchukuk.com\/index.php\/wp-json\/wp\/v2\/users\/1"}],"replies":[{"embeddable":true,"href":"https:\/\/www.abchukuk.com\/index.php\/wp-json\/wp\/v2\/comments?post=13687"}],"version-history":[{"count":0,"href":"https:\/\/www.abchukuk.com\/index.php\/wp-json\/wp\/v2\/posts\/13687\/revisions"}],"wp:featuredmedia":[{"embeddable":true,"href":"https:\/\/www.abchukuk.com\/index.php\/wp-json\/wp\/v2\/media\/13688"}],"wp:attachment":[{"href":"https:\/\/www.abchukuk.com\/index.php\/wp-json\/wp\/v2\/media?parent=13687"}],"wp:term":[{"taxonomy":"category","embeddable":true,"href":"https:\/\/www.abchukuk.com\/index.php\/wp-json\/wp\/v2\/categories?post=13687"},{"taxonomy":"post_tag","embeddable":true,"href":"https:\/\/www.abchukuk.com\/index.php\/wp-json\/wp\/v2\/tags?post=13687"}],"curies":[{"name":"wp","href":"https:\/\/api.w.org\/{rel}","templated":true}]}}