{"id":13685,"date":"2025-12-10T14:12:00","date_gmt":"2025-12-10T14:12:00","guid":{"rendered":"https:\/\/www.abchukuk.com\/index.php\/2025\/12\/10\/umit-ozdagdan-mesem-tepkisi-guvencesiz-adaletsiz-ve-vicdansiz-bir-duzenin\/"},"modified":"2025-12-10T14:12:00","modified_gmt":"2025-12-10T14:12:00","slug":"umit-ozdagdan-mesem-tepkisi-guvencesiz-adaletsiz-ve-vicdansiz-bir-duzenin","status":"publish","type":"post","link":"https:\/\/www.abchukuk.com\/index.php\/2025\/12\/10\/umit-ozdagdan-mesem-tepkisi-guvencesiz-adaletsiz-ve-vicdansiz-bir-duzenin\/","title":{"rendered":"\u00dcmit \u00d6zda\u011f\u2019dan &#8216;MESEM&#8217; tepkisi: &#8216;G\u00fcvencesiz, adaletsiz ve vicdans\u0131z bir d\u00fczenin&#8230;&#8217;"},"content":{"rendered":"<p>Zafer Partisi lideri \u00dcmit \u00d6zda\u011f, 15 ya\u015f\u0131ndaki Muhammed Kendirci\u2019nin MESEM kapsam\u0131nda g\u00f6nderildi\u011fi at\u00f6lyede maruz kald\u0131\u011f\u0131 i\u015fkence sonucu hayat\u0131n\u0131 yitirmesine tepki g\u00f6sterdi ve \u201cMuhammed\u2019in \u00f6l\u00fcm\u00fc ve bu y\u0131l ya\u015fam\u0131n\u0131 yitiren onlarca \u00e7ocu\u011fumuz, mesleki e\u011fitimi yeniden in\u015fa etme zorunlulu\u011funu ortaya koymaktad\u0131r. Bu d\u00fczen de\u011fi\u015fmek zorundad\u0131r ve de\u011fi\u015fecektir\u201d dedi.Zafer Partisi lideri \u00dcmit \u00d6zda\u011f, 15 ya\u015f\u0131ndaki Muhammed Kendirci\u2019nin MESEM kapsam\u0131nda g\u00f6nderildi\u011fi at\u00f6lyede maruz kald\u0131\u011f\u0131 i\u015fkence sonucu hayat\u0131n\u0131 yitirmesine tepki g\u00f6sterdi ve \u201cMuhammed\u2019in \u00f6l\u00fcm\u00fc ve bu y\u0131l ya\u015fam\u0131n\u0131 yitiren onlarca \u00e7ocu\u011fumuz, mesleki e\u011fitimi yeniden in\u015fa etme zorunlulu\u011funu ortaya koymaktad\u0131r. Bu d\u00fczen de\u011fi\u015fmek zorundad\u0131r ve de\u011fi\u015fecektir\u201d dedi.\u00a0<a href=\"https:\/\/www.cumhuriyet.com.tr\/siyaset\/umit-ozdag-dan-mesem-tepkisi-guvencesiz-adaletsiz-ve-vicdansiz-bir-duzenin-2460320\" target=\"_blank\" class=\"feedzy-rss-link-icon\">Read More<\/a><\/p>","protected":false},"excerpt":{"rendered":"<p>Zafer Partisi lideri \u00dcmit \u00d6zda\u011f, 15 ya\u015f\u0131ndaki Muhammed Kendirci\u2019nin MESEM kapsam\u0131nda g\u00f6nderildi\u011fi at\u00f6lyede maruz kald\u0131\u011f\u0131 i\u015fkence sonucu hayat\u0131n\u0131 yitirmesine tepki g\u00f6sterdi ve \u201cMuhammed\u2019in \u00f6l\u00fcm\u00fc ve bu y\u0131l ya\u015fam\u0131n\u0131 yitiren onlarca \u00e7ocu\u011fumuz, mesleki e\u011fitimi yeniden in\u015fa etme zorunlulu\u011funu ortaya koymaktad\u0131r. Bu d\u00fczen de\u011fi\u015fmek zorundad\u0131r ve de\u011fi\u015fecektir\u201d dedi.Zafer Partisi lideri \u00dcmit \u00d6zda\u011f, 15 ya\u015f\u0131ndaki Muhammed Kendirci\u2019nin MESEM [&hellip;]<\/p>\n","protected":false},"author":1,"featured_media":13686,"comment_status":"open","ping_status":"open","sticky":false,"template":"","format":"standard","meta":{"footnotes":"","_links_to":"","_links_to_target":""},"categories":[1],"tags":[],"class_list":["post-13685","post","type-post","status-publish","format-standard","has-post-thumbnail","hentry","category-haberler"],"_links":{"self":[{"href":"https:\/\/www.abchukuk.com\/index.php\/wp-json\/wp\/v2\/posts\/13685","targetHints":{"allow":["GET"]}}],"collection":[{"href":"https:\/\/www.abchukuk.com\/index.php\/wp-json\/wp\/v2\/posts"}],"about":[{"href":"https:\/\/www.abchukuk.com\/index.php\/wp-json\/wp\/v2\/types\/post"}],"author":[{"embeddable":true,"href":"https:\/\/www.abchukuk.com\/index.php\/wp-json\/wp\/v2\/users\/1"}],"replies":[{"embeddable":true,"href":"https:\/\/www.abchukuk.com\/index.php\/wp-json\/wp\/v2\/comments?post=13685"}],"version-history":[{"count":0,"href":"https:\/\/www.abchukuk.com\/index.php\/wp-json\/wp\/v2\/posts\/13685\/revisions"}],"wp:featuredmedia":[{"embeddable":true,"href":"https:\/\/www.abchukuk.com\/index.php\/wp-json\/wp\/v2\/media\/13686"}],"wp:attachment":[{"href":"https:\/\/www.abchukuk.com\/index.php\/wp-json\/wp\/v2\/media?parent=13685"}],"wp:term":[{"taxonomy":"category","embeddable":true,"href":"https:\/\/www.abchukuk.com\/index.php\/wp-json\/wp\/v2\/categories?post=13685"},{"taxonomy":"post_tag","embeddable":true,"href":"https:\/\/www.abchukuk.com\/index.php\/wp-json\/wp\/v2\/tags?post=13685"}],"curies":[{"name":"wp","href":"https:\/\/api.w.org\/{rel}","templated":true}]}}