{"id":13679,"date":"2025-12-10T13:05:00","date_gmt":"2025-12-10T13:05:00","guid":{"rendered":"https:\/\/www.abchukuk.com\/index.php\/2025\/12\/10\/17-agustos-depreminde-hapis-cezasi-alan-tek-muteahhit-veli-gocer-hayatini-kaybetti\/"},"modified":"2025-12-10T13:05:00","modified_gmt":"2025-12-10T13:05:00","slug":"17-agustos-depreminde-hapis-cezasi-alan-tek-muteahhit-veli-gocer-hayatini-kaybetti","status":"publish","type":"post","link":"https:\/\/www.abchukuk.com\/index.php\/2025\/12\/10\/17-agustos-depreminde-hapis-cezasi-alan-tek-muteahhit-veli-gocer-hayatini-kaybetti\/","title":{"rendered":"17 A\u011fustos depreminde hapis cezas\u0131 alan tek m\u00fcteahhit Veli G\u00f6\u00e7er hayat\u0131n\u0131 kaybetti"},"content":{"rendered":"<p>17 A\u011fustos 1999&#8217;da resmi rakamlara g\u00f6re 18 bini a\u015fk\u0131n ki\u015finin ya\u015fam\u0131n\u0131 yitirdi\u011fi depremde hapse giren tek m\u00fcteahhit olan Veli G\u00f6\u00e7er hayat\u0131n\u0131 kaybetti. G\u00f6\u00e7er, 2004&#8217;te cezaevine girmi\u015f ve 7,5 y\u0131l hapis yatm\u0131\u015ft\u0131.17 A\u011fustos 1999&#8217;da resmi rakamlara g\u00f6re 18 bini a\u015fk\u0131n ki\u015finin ya\u015fam\u0131n\u0131 yitirdi\u011fi depremde hapse giren tek m\u00fcteahhit olan Veli G\u00f6\u00e7er hayat\u0131n\u0131 kaybetti. G\u00f6\u00e7er, 2004&#8217;te cezaevine girmi\u015f ve 7,5 y\u0131l hapis yatm\u0131\u015ft\u0131.\u00a0<a href=\"https:\/\/www.cumhuriyet.com.tr\/turkiye\/17-agustos-depreminde-hapis-cezasi-alan-tek-muteahhit-veli-gocer-hayatini-kaybetti-2460290\" target=\"_blank\" class=\"feedzy-rss-link-icon\">Read More<\/a><\/p>","protected":false},"excerpt":{"rendered":"<p>17 A\u011fustos 1999&#8217;da resmi rakamlara g\u00f6re 18 bini a\u015fk\u0131n ki\u015finin ya\u015fam\u0131n\u0131 yitirdi\u011fi depremde hapse giren tek m\u00fcteahhit olan Veli G\u00f6\u00e7er hayat\u0131n\u0131 kaybetti. G\u00f6\u00e7er, 2004&#8217;te cezaevine girmi\u015f ve 7,5 y\u0131l hapis yatm\u0131\u015ft\u0131.17 A\u011fustos 1999&#8217;da resmi rakamlara g\u00f6re 18 bini a\u015fk\u0131n ki\u015finin ya\u015fam\u0131n\u0131 yitirdi\u011fi depremde hapse giren tek m\u00fcteahhit olan Veli G\u00f6\u00e7er hayat\u0131n\u0131 kaybetti. G\u00f6\u00e7er, 2004&#8217;te cezaevine [&hellip;]<\/p>\n","protected":false},"author":1,"featured_media":13680,"comment_status":"open","ping_status":"open","sticky":false,"template":"","format":"standard","meta":{"footnotes":"","_links_to":"","_links_to_target":""},"categories":[1],"tags":[],"class_list":["post-13679","post","type-post","status-publish","format-standard","has-post-thumbnail","hentry","category-haberler"],"_links":{"self":[{"href":"https:\/\/www.abchukuk.com\/index.php\/wp-json\/wp\/v2\/posts\/13679","targetHints":{"allow":["GET"]}}],"collection":[{"href":"https:\/\/www.abchukuk.com\/index.php\/wp-json\/wp\/v2\/posts"}],"about":[{"href":"https:\/\/www.abchukuk.com\/index.php\/wp-json\/wp\/v2\/types\/post"}],"author":[{"embeddable":true,"href":"https:\/\/www.abchukuk.com\/index.php\/wp-json\/wp\/v2\/users\/1"}],"replies":[{"embeddable":true,"href":"https:\/\/www.abchukuk.com\/index.php\/wp-json\/wp\/v2\/comments?post=13679"}],"version-history":[{"count":0,"href":"https:\/\/www.abchukuk.com\/index.php\/wp-json\/wp\/v2\/posts\/13679\/revisions"}],"wp:featuredmedia":[{"embeddable":true,"href":"https:\/\/www.abchukuk.com\/index.php\/wp-json\/wp\/v2\/media\/13680"}],"wp:attachment":[{"href":"https:\/\/www.abchukuk.com\/index.php\/wp-json\/wp\/v2\/media?parent=13679"}],"wp:term":[{"taxonomy":"category","embeddable":true,"href":"https:\/\/www.abchukuk.com\/index.php\/wp-json\/wp\/v2\/categories?post=13679"},{"taxonomy":"post_tag","embeddable":true,"href":"https:\/\/www.abchukuk.com\/index.php\/wp-json\/wp\/v2\/tags?post=13679"}],"curies":[{"name":"wp","href":"https:\/\/api.w.org\/{rel}","templated":true}]}}