{"id":13669,"date":"2025-12-10T13:48:52","date_gmt":"2025-12-10T13:48:52","guid":{"rendered":"https:\/\/www.abchukuk.com\/index.php\/2025\/12\/10\/gaziosmanpasa-adalet-sarayi-yeni-binasinda-hizmet-vermeye-basladi\/"},"modified":"2025-12-10T13:48:52","modified_gmt":"2025-12-10T13:48:52","slug":"gaziosmanpasa-adalet-sarayi-yeni-binasinda-hizmet-vermeye-basladi","status":"publish","type":"post","link":"https:\/\/www.abchukuk.com\/index.php\/2025\/12\/10\/gaziosmanpasa-adalet-sarayi-yeni-binasinda-hizmet-vermeye-basladi\/","title":{"rendered":"Gaziosmanpa\u015fa Adalet Saray\u0131 yeni binas\u0131nda hizmet vermeye ba\u015flad\u0131"},"content":{"rendered":"<p>\u0130stanbul\u2019un Ey\u00fcpsultan, Gaziosmanpa\u015fa, Arnavutk\u00f6y ve Sultangazi il\u00e7elerinin ba\u011fl\u0131 bulundu\u011fu, Gaziosmanpa\u015fa Adalet Saray\u0131, Kas\u0131m ay\u0131 itibariyle Ey\u00fcp Sultan il\u00e7esi 5. Levent Mahallesi\u2019ndeki yeni yerle\u015fkesinde hizmet vermeye ba\u015flad\u0131. Toplamda 27 kattan olu\u015fan ve 90 bin metrekare kullan\u0131m alan\u0131na sahip olan modern yerle\u015fkede, 6 a\u011f\u0131r ceza, 36 asliye ceza, 4 sulh ceza, 12 asliye hukuk, 10 sulh hukuk, 2 icra, 2 \u00e7ocuk, 1 infaz ve 10 aile mahkemesi olmak \u00fczere toplamda 83 mahkeme, 104 hakim, 1 Ba\u015fsavc\u0131, 7 Ba\u015fsavc\u0131 vekili ve 70 Cumhuriyet savc\u0131s\u0131yla adalet i\u00e7in hizmet veriyor.<\/p>\n<p><a href=\"https:\/\/www.son.tv\/wp-content\/uploads\/2025\/12\/WhatsApp-Image-2025-12-10-at-16.45.58.jpeg\"><img fetchpriority=\"high\" decoding=\"async\" class=\"alignnone size-large wp-image-166016\" src=\"https:\/\/www.son.tv\/wp-content\/uploads\/2025\/12\/WhatsApp-Image-2025-12-10-at-16.45.58-1024x586.jpeg\" alt=\"\" width=\"1024\" height=\"586\" \/><\/a><\/p>\n<p>\u0130stanbul Anadolu 4. A\u011f\u0131r Ceza Mahkemesi Ba\u015fkan\u0131yken kararname ile Gaziosmanpa\u015fa Adliyesi Adalet Komisyonu Kurucu Ba\u015fkan\u0131 olarak atanan Ramazan Oru\u00e7, yeni Adalet saray\u0131n\u0131n ve adalet komisyonunun yarg\u0131lama faaliyetlerinin etkinli\u011fi ve verimlili\u011fine katk\u0131 sa\u011flayaca\u011f\u0131n\u0131 ifade etti. Ba\u015fkan Ramazan Oru\u00e7, \u201cAdalet Komisyonumuzun kurulu\u015funda ve yeni adliye binas\u0131na ta\u015f\u0131nma s\u00fcrecimizde g\u00f6sterdikleri destek ve duyarl\u0131l\u0131klar\u0131ndan dolay\u0131 Adalet Bakanl\u0131\u011f\u0131\u2019na, Hakimler ve Savc\u0131lar Kurulu\u2019na (HSK) ve \u0130stanbul Cumhuriyet Ba\u015fsavc\u0131s\u0131 Say\u0131n Ak\u0131n G\u00fcrlek beyefendiye te\u015fekk\u00fcr ederiz\u201d dedi.<\/p>\n<p><a href=\"https:\/\/www.son.tv\/wp-content\/uploads\/2025\/12\/WhatsApp-Image-2025-12-10-at-16.45.58-2.jpeg\"><img loading=\"lazy\" decoding=\"async\" loading=\"lazy\" class=\"alignnone size-large wp-image-166018\" src=\"https:\/\/www.son.tv\/wp-content\/uploads\/2025\/12\/WhatsApp-Image-2025-12-10-at-16.45.58-2-1024x768.jpeg\" alt=\"\" width=\"1024\" height=\"768\" \/><\/a> <a href=\"https:\/\/www.son.tv\/wp-content\/uploads\/2025\/12\/WhatsApp-Image-2025-12-10-at-16.45.58-1.jpeg\"><img loading=\"lazy\" decoding=\"async\" loading=\"lazy\" class=\"alignnone size-large wp-image-166019\" src=\"https:\/\/www.son.tv\/wp-content\/uploads\/2025\/12\/WhatsApp-Image-2025-12-10-at-16.45.58-1-1024x600.jpeg\" alt=\"\" width=\"1024\" height=\"600\" \/><\/a><\/p>\n<p>\u0130stanbul\u2019un Ey\u00fcpsultan, Gaziosmanpa\u015fa, Arnavutk\u00f6y ve Sultangazi il\u00e7elerinin ba\u011fl\u0131 bulundu\u011fu, Gaziosmanpa\u015fa Adalet Saray\u0131, Kas\u0131m ay\u0131 itibariyle Ey\u00fcp Sultan il\u00e7esi 5. Levent Mahallesi\u2019ndeki yeni yerle\u015fkesinde hizmet vermeye ba\u015flad\u0131. Toplamda 27 kattan olu\u015fan ve 90 bin metrekare kullan\u0131m alan\u0131na sahip olan modern yerle\u015fkede, 6 a\u011f\u0131r ceza, 36 asliye ceza, 4 sulh ceza, 12 asliye hukuk, 10 sulh hukuk,\u00a0<a href=\"https:\/\/www.son.tv\/gaziosmanpasa-adalet-sarayi-yeni-binasinda-hizmet-vermeye-basladi\/\" target=\"_blank\" class=\"feedzy-rss-link-icon\">Read More<\/a><\/p>","protected":false},"excerpt":{"rendered":"<p>\u0130stanbul\u2019un Ey\u00fcpsultan, Gaziosmanpa\u015fa, Arnavutk\u00f6y ve Sultangazi il\u00e7elerinin ba\u011fl\u0131 bulundu\u011fu, Gaziosmanpa\u015fa Adalet Saray\u0131, Kas\u0131m ay\u0131 itibariyle Ey\u00fcp Sultan il\u00e7esi 5. Levent Mahallesi\u2019ndeki yeni yerle\u015fkesinde hizmet vermeye ba\u015flad\u0131. Toplamda 27 kattan olu\u015fan ve 90 bin metrekare kullan\u0131m alan\u0131na sahip olan modern yerle\u015fkede, 6 a\u011f\u0131r ceza, 36 asliye ceza, 4 sulh ceza, 12 asliye hukuk, 10 sulh hukuk, [&hellip;]<\/p>\n","protected":false},"author":1,"featured_media":13670,"comment_status":"open","ping_status":"open","sticky":false,"template":"","format":"standard","meta":{"footnotes":"","_links_to":"","_links_to_target":""},"categories":[1],"tags":[],"class_list":["post-13669","post","type-post","status-publish","format-standard","has-post-thumbnail","hentry","category-haberler"],"_links":{"self":[{"href":"https:\/\/www.abchukuk.com\/index.php\/wp-json\/wp\/v2\/posts\/13669","targetHints":{"allow":["GET"]}}],"collection":[{"href":"https:\/\/www.abchukuk.com\/index.php\/wp-json\/wp\/v2\/posts"}],"about":[{"href":"https:\/\/www.abchukuk.com\/index.php\/wp-json\/wp\/v2\/types\/post"}],"author":[{"embeddable":true,"href":"https:\/\/www.abchukuk.com\/index.php\/wp-json\/wp\/v2\/users\/1"}],"replies":[{"embeddable":true,"href":"https:\/\/www.abchukuk.com\/index.php\/wp-json\/wp\/v2\/comments?post=13669"}],"version-history":[{"count":0,"href":"https:\/\/www.abchukuk.com\/index.php\/wp-json\/wp\/v2\/posts\/13669\/revisions"}],"wp:featuredmedia":[{"embeddable":true,"href":"https:\/\/www.abchukuk.com\/index.php\/wp-json\/wp\/v2\/media\/13670"}],"wp:attachment":[{"href":"https:\/\/www.abchukuk.com\/index.php\/wp-json\/wp\/v2\/media?parent=13669"}],"wp:term":[{"taxonomy":"category","embeddable":true,"href":"https:\/\/www.abchukuk.com\/index.php\/wp-json\/wp\/v2\/categories?post=13669"},{"taxonomy":"post_tag","embeddable":true,"href":"https:\/\/www.abchukuk.com\/index.php\/wp-json\/wp\/v2\/tags?post=13669"}],"curies":[{"name":"wp","href":"https:\/\/api.w.org\/{rel}","templated":true}]}}