{"id":12978,"date":"2025-12-04T22:27:02","date_gmt":"2025-12-04T22:27:02","guid":{"rendered":"https:\/\/www.abchukuk.com\/index.php\/2025\/12\/04\/trafikte-kadin-surucuye-saldiran-supheli-gozaltina-alindi\/"},"modified":"2025-12-04T22:27:02","modified_gmt":"2025-12-04T22:27:02","slug":"trafikte-kadin-surucuye-saldiran-supheli-gozaltina-alindi","status":"publish","type":"post","link":"https:\/\/www.abchukuk.com\/index.php\/2025\/12\/04\/trafikte-kadin-surucuye-saldiran-supheli-gozaltina-alindi\/","title":{"rendered":"Trafikte kad\u0131n s\u00fcr\u00fcc\u00fcye sald\u0131ran \u015f\u00fcpheli g\u00f6zalt\u0131na al\u0131nd\u0131"},"content":{"rendered":"<p>\u0130\u00e7i\u015fleri Bakan\u0131 Yerlikaya bug\u00fcn \u0130stanbul Ata\u015fehir&#8217;de bir kad\u0131n s\u00fcr\u00fcc\u00fcye sald\u0131ran ve kad\u0131n\u0131n arac\u0131na zarar veren \u015f\u00fcphelinin yakaland\u0131\u011f\u0131n\u0131 a\u00e7\u0131klad\u0131. Yerlikaya, yeni Trafik Kanunu Teklifi&#8217;ne g\u00f6re s\u00f6z konusu olay ve benzerlerinde verilecek cezalarla ilgili bilgilendirmede de bulundu.\u0130\u00e7i\u015fleri Bakan\u0131 Yerlikaya bug\u00fcn \u0130stanbul Ata\u015fehir&#8217;de bir kad\u0131n s\u00fcr\u00fcc\u00fcye sald\u0131ran ve kad\u0131n\u0131n arac\u0131na zarar veren \u015f\u00fcphelinin yakaland\u0131\u011f\u0131n\u0131 a\u00e7\u0131klad\u0131. Yerlikaya, yeni Trafik Kanunu Teklifi&#8217;ne g\u00f6re s\u00f6z konusu olay ve benzerlerinde verilecek cezalarla ilgili bilgilendirmede de bulundu.\u00a0<a href=\"https:\/\/anlatilaninotesi.com.tr\/20251205\/trafikte-kadin-surucuye-saldiran-supheli-gozaltina-alindi-1101559623.html\" target=\"_blank\" class=\"feedzy-rss-link-icon\">Read More<\/a><\/p>","protected":false},"excerpt":{"rendered":"<p>\u0130\u00e7i\u015fleri Bakan\u0131 Yerlikaya bug\u00fcn \u0130stanbul Ata\u015fehir&#8217;de bir kad\u0131n s\u00fcr\u00fcc\u00fcye sald\u0131ran ve kad\u0131n\u0131n arac\u0131na zarar veren \u015f\u00fcphelinin yakaland\u0131\u011f\u0131n\u0131 a\u00e7\u0131klad\u0131. Yerlikaya, yeni Trafik Kanunu Teklifi&#8217;ne g\u00f6re s\u00f6z konusu olay ve benzerlerinde verilecek cezalarla ilgili bilgilendirmede de bulundu.\u0130\u00e7i\u015fleri Bakan\u0131 Yerlikaya bug\u00fcn \u0130stanbul Ata\u015fehir&#8217;de bir kad\u0131n s\u00fcr\u00fcc\u00fcye sald\u0131ran ve kad\u0131n\u0131n arac\u0131na zarar veren \u015f\u00fcphelinin yakaland\u0131\u011f\u0131n\u0131 a\u00e7\u0131klad\u0131. Yerlikaya, yeni Trafik [&hellip;]<\/p>\n","protected":false},"author":1,"featured_media":0,"comment_status":"open","ping_status":"open","sticky":false,"template":"","format":"standard","meta":{"footnotes":"","_links_to":"","_links_to_target":""},"categories":[1],"tags":[],"class_list":["post-12978","post","type-post","status-publish","format-standard","hentry","category-haberler"],"_links":{"self":[{"href":"https:\/\/www.abchukuk.com\/index.php\/wp-json\/wp\/v2\/posts\/12978","targetHints":{"allow":["GET"]}}],"collection":[{"href":"https:\/\/www.abchukuk.com\/index.php\/wp-json\/wp\/v2\/posts"}],"about":[{"href":"https:\/\/www.abchukuk.com\/index.php\/wp-json\/wp\/v2\/types\/post"}],"author":[{"embeddable":true,"href":"https:\/\/www.abchukuk.com\/index.php\/wp-json\/wp\/v2\/users\/1"}],"replies":[{"embeddable":true,"href":"https:\/\/www.abchukuk.com\/index.php\/wp-json\/wp\/v2\/comments?post=12978"}],"version-history":[{"count":0,"href":"https:\/\/www.abchukuk.com\/index.php\/wp-json\/wp\/v2\/posts\/12978\/revisions"}],"wp:attachment":[{"href":"https:\/\/www.abchukuk.com\/index.php\/wp-json\/wp\/v2\/media?parent=12978"}],"wp:term":[{"taxonomy":"category","embeddable":true,"href":"https:\/\/www.abchukuk.com\/index.php\/wp-json\/wp\/v2\/categories?post=12978"},{"taxonomy":"post_tag","embeddable":true,"href":"https:\/\/www.abchukuk.com\/index.php\/wp-json\/wp\/v2\/tags?post=12978"}],"curies":[{"name":"wp","href":"https:\/\/api.w.org\/{rel}","templated":true}]}}