{"id":12973,"date":"2025-12-04T20:23:00","date_gmt":"2025-12-04T20:23:00","guid":{"rendered":"https:\/\/www.abchukuk.com\/index.php\/2025\/12\/04\/bursa-nutku-davasi-oncesi-dikkat-ceken-gelisme-yargilamadaki-niyeti-gosteriyor\/"},"modified":"2025-12-04T20:23:00","modified_gmt":"2025-12-04T20:23:00","slug":"bursa-nutku-davasi-oncesi-dikkat-ceken-gelisme-yargilamadaki-niyeti-gosteriyor","status":"publish","type":"post","link":"https:\/\/www.abchukuk.com\/index.php\/2025\/12\/04\/bursa-nutku-davasi-oncesi-dikkat-ceken-gelisme-yargilamadaki-niyeti-gosteriyor\/","title":{"rendered":"Bursa Nutku davas\u0131 \u00f6ncesi dikkat \u00e7eken geli\u015fme: \u2018Yarg\u0131lamadaki niyeti g\u00f6steriyor&#8217;"},"content":{"rendered":"<p>Atat\u00fcrk\u2019\u00fcn Bursa Nutku\u2019ndan al\u0131nt\u0131 yapt\u0131\u011f\u0131 i\u00e7in hakim kar\u015f\u0131s\u0131na \u00e7\u0131kacak Laiklik Meclisi S\u00f6zc\u00fcs\u00fc \u00d6zkan Rona\u2019n\u0131n duru\u015fmas\u0131 \u00f6ncesi mahkeme taraf\u0131ndan ek g\u00fcvenlik talebinde bulunuldu.Atat\u00fcrk\u2019\u00fcn Bursa Nutku\u2019ndan al\u0131nt\u0131 yapt\u0131\u011f\u0131 i\u00e7in hakim kar\u015f\u0131s\u0131na \u00e7\u0131kacak Laiklik Meclisi S\u00f6zc\u00fcs\u00fc \u00d6zkan Rona\u2019n\u0131n duru\u015fmas\u0131 \u00f6ncesi mahkeme taraf\u0131ndan ek g\u00fcvenlik talebinde bulunuldu.\u00a0<a href=\"https:\/\/www.cumhuriyet.com.tr\/turkiye\/bursa-nutku-davasi-oncesi-dikkat-ceken-gelisme-yargilamadaki-niyeti-gosteriyor-2458650\" target=\"_blank\" class=\"feedzy-rss-link-icon\">Read More<\/a><\/p>","protected":false},"excerpt":{"rendered":"<p>Atat\u00fcrk\u2019\u00fcn Bursa Nutku\u2019ndan al\u0131nt\u0131 yapt\u0131\u011f\u0131 i\u00e7in hakim kar\u015f\u0131s\u0131na \u00e7\u0131kacak Laiklik Meclisi S\u00f6zc\u00fcs\u00fc \u00d6zkan Rona\u2019n\u0131n duru\u015fmas\u0131 \u00f6ncesi mahkeme taraf\u0131ndan ek g\u00fcvenlik talebinde bulunuldu.Atat\u00fcrk\u2019\u00fcn Bursa Nutku\u2019ndan al\u0131nt\u0131 yapt\u0131\u011f\u0131 i\u00e7in hakim kar\u015f\u0131s\u0131na \u00e7\u0131kacak Laiklik Meclisi S\u00f6zc\u00fcs\u00fc \u00d6zkan Rona\u2019n\u0131n duru\u015fmas\u0131 \u00f6ncesi mahkeme taraf\u0131ndan ek g\u00fcvenlik talebinde bulunuldu.\u00a0Read More<\/p>\n","protected":false},"author":1,"featured_media":12974,"comment_status":"open","ping_status":"open","sticky":false,"template":"","format":"standard","meta":{"footnotes":"","_links_to":"","_links_to_target":""},"categories":[1],"tags":[],"class_list":["post-12973","post","type-post","status-publish","format-standard","has-post-thumbnail","hentry","category-haberler"],"_links":{"self":[{"href":"https:\/\/www.abchukuk.com\/index.php\/wp-json\/wp\/v2\/posts\/12973","targetHints":{"allow":["GET"]}}],"collection":[{"href":"https:\/\/www.abchukuk.com\/index.php\/wp-json\/wp\/v2\/posts"}],"about":[{"href":"https:\/\/www.abchukuk.com\/index.php\/wp-json\/wp\/v2\/types\/post"}],"author":[{"embeddable":true,"href":"https:\/\/www.abchukuk.com\/index.php\/wp-json\/wp\/v2\/users\/1"}],"replies":[{"embeddable":true,"href":"https:\/\/www.abchukuk.com\/index.php\/wp-json\/wp\/v2\/comments?post=12973"}],"version-history":[{"count":0,"href":"https:\/\/www.abchukuk.com\/index.php\/wp-json\/wp\/v2\/posts\/12973\/revisions"}],"wp:featuredmedia":[{"embeddable":true,"href":"https:\/\/www.abchukuk.com\/index.php\/wp-json\/wp\/v2\/media\/12974"}],"wp:attachment":[{"href":"https:\/\/www.abchukuk.com\/index.php\/wp-json\/wp\/v2\/media?parent=12973"}],"wp:term":[{"taxonomy":"category","embeddable":true,"href":"https:\/\/www.abchukuk.com\/index.php\/wp-json\/wp\/v2\/categories?post=12973"},{"taxonomy":"post_tag","embeddable":true,"href":"https:\/\/www.abchukuk.com\/index.php\/wp-json\/wp\/v2\/tags?post=12973"}],"curies":[{"name":"wp","href":"https:\/\/api.w.org\/{rel}","templated":true}]}}