{"id":12945,"date":"2025-12-04T18:51:00","date_gmt":"2025-12-04T18:51:00","guid":{"rendered":"https:\/\/www.abchukuk.com\/index.php\/2025\/12\/04\/son-dakika-suca-suruklenen-cocuklar-icin-kurulan-arastirma-komisyonunun-uyeleri-belli-oldu\/"},"modified":"2025-12-04T18:51:00","modified_gmt":"2025-12-04T18:51:00","slug":"son-dakika-suca-suruklenen-cocuklar-icin-kurulan-arastirma-komisyonunun-uyeleri-belli-oldu","status":"publish","type":"post","link":"https:\/\/www.abchukuk.com\/index.php\/2025\/12\/04\/son-dakika-suca-suruklenen-cocuklar-icin-kurulan-arastirma-komisyonunun-uyeleri-belli-oldu\/","title":{"rendered":"Son dakika&#8230; &#8216;Su\u00e7a s\u00fcr\u00fcklenen \u00e7ocuklar&#8217; i\u00e7in kurulan ara\u015ft\u0131rma komisyonunun \u00fcyeleri belli oldu"},"content":{"rendered":"<p>TBMM Genel Kurulu&#8217;nda &#8220;\u00c7ocuklar\u0131n Ya\u015fam D\u00fczeyinin Artt\u0131r\u0131lmas\u0131 ile Su\u00e7a S\u00fcr\u00fcklenen \u00c7ocuklarla \u0130lgili Ara\u015ft\u0131rma Komisyonu&#8221;nun \u00fcye se\u00e7imi yap\u0131ld\u0131. Komisyonun, 10 Aral\u0131k 2025 \u00c7ar\u015famba \u00e7al\u0131\u015fmalar\u0131na ba\u015flamas\u0131 bekleniyor.TBMM Genel Kurulu&#8217;nda &#8220;\u00c7ocuklar\u0131n Ya\u015fam D\u00fczeyinin Artt\u0131r\u0131lmas\u0131 ile Su\u00e7a S\u00fcr\u00fcklenen \u00c7ocuklarla \u0130lgili Ara\u015ft\u0131rma Komisyonu&#8221;nun \u00fcye se\u00e7imi yap\u0131ld\u0131. Komisyonun, 10 Aral\u0131k 2025 \u00c7ar\u015famba \u00e7al\u0131\u015fmalar\u0131na ba\u015flamas\u0131 bekleniyor.\u00a0<a href=\"https:\/\/www.cumhuriyet.com.tr\/turkiye\/son-dakika-suca-suruklenen-cocuklar-icin-kurulan-arastirma-komisyonunun-uyeleri-belli-oldu-2458626\" target=\"_blank\" class=\"feedzy-rss-link-icon\">Read More<\/a><\/p>","protected":false},"excerpt":{"rendered":"<p>TBMM Genel Kurulu&#8217;nda &#8220;\u00c7ocuklar\u0131n Ya\u015fam D\u00fczeyinin Artt\u0131r\u0131lmas\u0131 ile Su\u00e7a S\u00fcr\u00fcklenen \u00c7ocuklarla \u0130lgili Ara\u015ft\u0131rma Komisyonu&#8221;nun \u00fcye se\u00e7imi yap\u0131ld\u0131. Komisyonun, 10 Aral\u0131k 2025 \u00c7ar\u015famba \u00e7al\u0131\u015fmalar\u0131na ba\u015flamas\u0131 bekleniyor.TBMM Genel Kurulu&#8217;nda &#8220;\u00c7ocuklar\u0131n Ya\u015fam D\u00fczeyinin Artt\u0131r\u0131lmas\u0131 ile Su\u00e7a S\u00fcr\u00fcklenen \u00c7ocuklarla \u0130lgili Ara\u015ft\u0131rma Komisyonu&#8221;nun \u00fcye se\u00e7imi yap\u0131ld\u0131. Komisyonun, 10 Aral\u0131k 2025 \u00c7ar\u015famba \u00e7al\u0131\u015fmalar\u0131na ba\u015flamas\u0131 bekleniyor.\u00a0Read More<\/p>\n","protected":false},"author":1,"featured_media":12946,"comment_status":"open","ping_status":"open","sticky":false,"template":"","format":"standard","meta":{"footnotes":"","_links_to":"","_links_to_target":""},"categories":[1],"tags":[],"class_list":["post-12945","post","type-post","status-publish","format-standard","has-post-thumbnail","hentry","category-haberler"],"_links":{"self":[{"href":"https:\/\/www.abchukuk.com\/index.php\/wp-json\/wp\/v2\/posts\/12945","targetHints":{"allow":["GET"]}}],"collection":[{"href":"https:\/\/www.abchukuk.com\/index.php\/wp-json\/wp\/v2\/posts"}],"about":[{"href":"https:\/\/www.abchukuk.com\/index.php\/wp-json\/wp\/v2\/types\/post"}],"author":[{"embeddable":true,"href":"https:\/\/www.abchukuk.com\/index.php\/wp-json\/wp\/v2\/users\/1"}],"replies":[{"embeddable":true,"href":"https:\/\/www.abchukuk.com\/index.php\/wp-json\/wp\/v2\/comments?post=12945"}],"version-history":[{"count":0,"href":"https:\/\/www.abchukuk.com\/index.php\/wp-json\/wp\/v2\/posts\/12945\/revisions"}],"wp:featuredmedia":[{"embeddable":true,"href":"https:\/\/www.abchukuk.com\/index.php\/wp-json\/wp\/v2\/media\/12946"}],"wp:attachment":[{"href":"https:\/\/www.abchukuk.com\/index.php\/wp-json\/wp\/v2\/media?parent=12945"}],"wp:term":[{"taxonomy":"category","embeddable":true,"href":"https:\/\/www.abchukuk.com\/index.php\/wp-json\/wp\/v2\/categories?post=12945"},{"taxonomy":"post_tag","embeddable":true,"href":"https:\/\/www.abchukuk.com\/index.php\/wp-json\/wp\/v2\/tags?post=12945"}],"curies":[{"name":"wp","href":"https:\/\/api.w.org\/{rel}","templated":true}]}}