{"id":12937,"date":"2025-12-04T14:18:44","date_gmt":"2025-12-04T14:18:44","guid":{"rendered":"https:\/\/www.abchukuk.com\/index.php\/2025\/12\/04\/fransiz-kediye-ev-hapsi-90-sayfalik-gerekceli-karar\/"},"modified":"2025-12-04T14:18:44","modified_gmt":"2025-12-04T14:18:44","slug":"fransiz-kediye-ev-hapsi-90-sayfalik-gerekceli-karar","status":"publish","type":"post","link":"https:\/\/www.abchukuk.com\/index.php\/2025\/12\/04\/fransiz-kediye-ev-hapsi-90-sayfalik-gerekceli-karar\/","title":{"rendered":"Frans\u0131z kediye \u2018ev hapsi\u2019: 90 sayfal\u0131k gerek\u00e7eli karar"},"content":{"rendered":"<p>G\u00fcney Fransa\u2019n\u0131n Agde liman kentinde ya\u015fayan ve kom\u015funun duvar\u0131nda pati izleri b\u0131rakt\u0131\u011f\u0131 tespit edilen Remi isimli kedi i\u00e7in, kom\u015fular\u0131n\u0131n m\u00fclk\u00fcne zarar verdi\u011fi gerek\u00e7esiyle 90 sayfal\u0131k gerek\u00e7eli karar haz\u0131rland\u0131. Sahibi, kedinin kilo almaya ba\u015flad\u0131\u011f\u0131n\u0131 s\u00f6yl\u00fcyor.G\u00fcney Fransa\u2019n\u0131n Agde liman kentinde ya\u015fayan ve kom\u015funun duvar\u0131nda pati izleri b\u0131rakt\u0131\u011f\u0131 tespit edilen Remi isimli kedi i\u00e7in, kom\u015fular\u0131n\u0131n m\u00fclk\u00fcne zarar verdi\u011fi gerek\u00e7esiyle 90 sayfal\u0131k gerek\u00e7eli karar haz\u0131rland\u0131. Sahibi, kedinin kilo almaya ba\u015flad\u0131\u011f\u0131n\u0131 s\u00f6yl\u00fcyor.\u00a0<a href=\"https:\/\/anlatilaninotesi.com.tr\/20251204\/fransiz-kediye-ev-hapsi-90-sayfalik-gerekceli-karar--1101552072.html\" target=\"_blank\" class=\"feedzy-rss-link-icon\">Read More<\/a><\/p>","protected":false},"excerpt":{"rendered":"<p>G\u00fcney Fransa\u2019n\u0131n Agde liman kentinde ya\u015fayan ve kom\u015funun duvar\u0131nda pati izleri b\u0131rakt\u0131\u011f\u0131 tespit edilen Remi isimli kedi i\u00e7in, kom\u015fular\u0131n\u0131n m\u00fclk\u00fcne zarar verdi\u011fi gerek\u00e7esiyle 90 sayfal\u0131k gerek\u00e7eli karar haz\u0131rland\u0131. Sahibi, kedinin kilo almaya ba\u015flad\u0131\u011f\u0131n\u0131 s\u00f6yl\u00fcyor.G\u00fcney Fransa\u2019n\u0131n Agde liman kentinde ya\u015fayan ve kom\u015funun duvar\u0131nda pati izleri b\u0131rakt\u0131\u011f\u0131 tespit edilen Remi isimli kedi i\u00e7in, kom\u015fular\u0131n\u0131n m\u00fclk\u00fcne zarar verdi\u011fi [&hellip;]<\/p>\n","protected":false},"author":1,"featured_media":0,"comment_status":"open","ping_status":"open","sticky":false,"template":"","format":"standard","meta":{"footnotes":"","_links_to":"","_links_to_target":""},"categories":[1],"tags":[],"class_list":["post-12937","post","type-post","status-publish","format-standard","hentry","category-haberler"],"_links":{"self":[{"href":"https:\/\/www.abchukuk.com\/index.php\/wp-json\/wp\/v2\/posts\/12937","targetHints":{"allow":["GET"]}}],"collection":[{"href":"https:\/\/www.abchukuk.com\/index.php\/wp-json\/wp\/v2\/posts"}],"about":[{"href":"https:\/\/www.abchukuk.com\/index.php\/wp-json\/wp\/v2\/types\/post"}],"author":[{"embeddable":true,"href":"https:\/\/www.abchukuk.com\/index.php\/wp-json\/wp\/v2\/users\/1"}],"replies":[{"embeddable":true,"href":"https:\/\/www.abchukuk.com\/index.php\/wp-json\/wp\/v2\/comments?post=12937"}],"version-history":[{"count":0,"href":"https:\/\/www.abchukuk.com\/index.php\/wp-json\/wp\/v2\/posts\/12937\/revisions"}],"wp:attachment":[{"href":"https:\/\/www.abchukuk.com\/index.php\/wp-json\/wp\/v2\/media?parent=12937"}],"wp:term":[{"taxonomy":"category","embeddable":true,"href":"https:\/\/www.abchukuk.com\/index.php\/wp-json\/wp\/v2\/categories?post=12937"},{"taxonomy":"post_tag","embeddable":true,"href":"https:\/\/www.abchukuk.com\/index.php\/wp-json\/wp\/v2\/tags?post=12937"}],"curies":[{"name":"wp","href":"https:\/\/api.w.org\/{rel}","templated":true}]}}