{"id":12933,"date":"2025-12-04T14:35:00","date_gmt":"2025-12-04T14:35:00","guid":{"rendered":"https:\/\/www.abchukuk.com\/index.php\/2025\/12\/04\/mesem-protestosuna-tutuklama-16-tipli-genc-cezaevine-gonderildi-milyonlarin-yukselen-sesini-bastiramazlar\/"},"modified":"2025-12-04T14:35:00","modified_gmt":"2025-12-04T14:35:00","slug":"mesem-protestosuna-tutuklama-16-tipli-genc-cezaevine-gonderildi-milyonlarin-yukselen-sesini-bastiramazlar","status":"publish","type":"post","link":"https:\/\/www.abchukuk.com\/index.php\/2025\/12\/04\/mesem-protestosuna-tutuklama-16-tipli-genc-cezaevine-gonderildi-milyonlarin-yukselen-sesini-bastiramazlar\/","title":{"rendered":"MESEM protestosuna tutuklama! 16 T\u0130P\u2019li gen\u00e7 cezaevine g\u00f6nderildi: &#8216;Milyonlar\u0131n y\u00fckselen sesini bast\u0131ramazlar&#8217;"},"content":{"rendered":"<p>Mesleki E\u011fitim Merkezleri&#8217;nde (MESEM) \u00e7ocuklar i\u015f cinayetleri sonucu ya\u015fam\u0131n\u0131 yitirirken, bu durumu protesto eden T\u0130P\u2019li \u00f6\u011frenciler tutukland\u0131. Avukat Bilge Hilal Bilgin, iki ayr\u0131 soru\u015fturma y\u00fcr\u00fct\u00fcld\u00fc\u011f\u00fcn\u00fc, mala zarar verme su\u00e7lamas\u0131na ili\u015fkin hi\u00e7bir somut delil bulunmad\u0131\u011f\u0131n\u0131 s\u00f6yledi.Mesleki E\u011fitim Merkezleri&#8217;nde (MESEM) \u00e7ocuklar i\u015f cinayetleri sonucu ya\u015fam\u0131n\u0131 yitirirken, bu durumu protesto eden T\u0130P\u2019li \u00f6\u011frenciler tutukland\u0131. Avukat Bilge Hilal Bilgin, iki ayr\u0131 soru\u015fturma y\u00fcr\u00fct\u00fcld\u00fc\u011f\u00fcn\u00fc, mala zarar verme su\u00e7lamas\u0131na ili\u015fkin hi\u00e7bir somut delil bulunmad\u0131\u011f\u0131n\u0131 s\u00f6yledi.\u00a0<a href=\"https:\/\/www.cumhuriyet.com.tr\/turkiye\/mesem-protestosuna-tutuklama-16-tip-li-genc-cezaevine-gonderildi-milyonlarin-yukselen-sesini-bastiramazlar-2458568\" target=\"_blank\" class=\"feedzy-rss-link-icon\">Read More<\/a><\/p>","protected":false},"excerpt":{"rendered":"<p>Mesleki E\u011fitim Merkezleri&#8217;nde (MESEM) \u00e7ocuklar i\u015f cinayetleri sonucu ya\u015fam\u0131n\u0131 yitirirken, bu durumu protesto eden T\u0130P\u2019li \u00f6\u011frenciler tutukland\u0131. Avukat Bilge Hilal Bilgin, iki ayr\u0131 soru\u015fturma y\u00fcr\u00fct\u00fcld\u00fc\u011f\u00fcn\u00fc, mala zarar verme su\u00e7lamas\u0131na ili\u015fkin hi\u00e7bir somut delil bulunmad\u0131\u011f\u0131n\u0131 s\u00f6yledi.Mesleki E\u011fitim Merkezleri&#8217;nde (MESEM) \u00e7ocuklar i\u015f cinayetleri sonucu ya\u015fam\u0131n\u0131 yitirirken, bu durumu protesto eden T\u0130P\u2019li \u00f6\u011frenciler tutukland\u0131. Avukat Bilge Hilal Bilgin, [&hellip;]<\/p>\n","protected":false},"author":1,"featured_media":12934,"comment_status":"open","ping_status":"open","sticky":false,"template":"","format":"standard","meta":{"footnotes":"","_links_to":"","_links_to_target":""},"categories":[1],"tags":[],"class_list":["post-12933","post","type-post","status-publish","format-standard","has-post-thumbnail","hentry","category-haberler"],"_links":{"self":[{"href":"https:\/\/www.abchukuk.com\/index.php\/wp-json\/wp\/v2\/posts\/12933","targetHints":{"allow":["GET"]}}],"collection":[{"href":"https:\/\/www.abchukuk.com\/index.php\/wp-json\/wp\/v2\/posts"}],"about":[{"href":"https:\/\/www.abchukuk.com\/index.php\/wp-json\/wp\/v2\/types\/post"}],"author":[{"embeddable":true,"href":"https:\/\/www.abchukuk.com\/index.php\/wp-json\/wp\/v2\/users\/1"}],"replies":[{"embeddable":true,"href":"https:\/\/www.abchukuk.com\/index.php\/wp-json\/wp\/v2\/comments?post=12933"}],"version-history":[{"count":0,"href":"https:\/\/www.abchukuk.com\/index.php\/wp-json\/wp\/v2\/posts\/12933\/revisions"}],"wp:featuredmedia":[{"embeddable":true,"href":"https:\/\/www.abchukuk.com\/index.php\/wp-json\/wp\/v2\/media\/12934"}],"wp:attachment":[{"href":"https:\/\/www.abchukuk.com\/index.php\/wp-json\/wp\/v2\/media?parent=12933"}],"wp:term":[{"taxonomy":"category","embeddable":true,"href":"https:\/\/www.abchukuk.com\/index.php\/wp-json\/wp\/v2\/categories?post=12933"},{"taxonomy":"post_tag","embeddable":true,"href":"https:\/\/www.abchukuk.com\/index.php\/wp-json\/wp\/v2\/tags?post=12933"}],"curies":[{"name":"wp","href":"https:\/\/api.w.org\/{rel}","templated":true}]}}