{"id":12932,"date":"2025-12-04T14:42:56","date_gmt":"2025-12-04T14:42:56","guid":{"rendered":"https:\/\/www.abchukuk.com\/index.php\/2025\/12\/04\/buyukcekmecenin-ardindan-yeni-adliye-skandali-adalarda-12-silah-kayip\/"},"modified":"2025-12-04T14:42:56","modified_gmt":"2025-12-04T14:42:56","slug":"buyukcekmecenin-ardindan-yeni-adliye-skandali-adalarda-12-silah-kayip","status":"publish","type":"post","link":"https:\/\/www.abchukuk.com\/index.php\/2025\/12\/04\/buyukcekmecenin-ardindan-yeni-adliye-skandali-adalarda-12-silah-kayip\/","title":{"rendered":"B\u00fcy\u00fck\u00e7ekmece\u2019nin ard\u0131ndan yeni adliye skandal\u0131: Adalar\u2019da 12 silah kay\u0131p"},"content":{"rendered":"<p>B\u00fcy\u00fck\u00e7ekmece Adliyesi\u2019ndeki adli emanette bulunan alt\u0131n ve g\u00fcm\u00fc\u015flerin \u00e7al\u0131nmas\u0131n\u0131n ard\u0131ndan T\u00fcrkiye, bu kez de Adalar Adliyesi&#8217;nin delil odas\u0131ndan \u00e7al\u0131nan ate\u015fli silahlarla ilgili bir ba\u015fka soygunla sars\u0131ld\u0131.B\u00fcy\u00fck\u00e7ekmece Adliyesi\u2019ndeki adli emanette bulunan alt\u0131n ve g\u00fcm\u00fc\u015flerin \u00e7al\u0131nmas\u0131n\u0131n ard\u0131ndan T\u00fcrkiye, bu kez de Adalar Adliyesi&#8217;nin delil odas\u0131ndan \u00e7al\u0131nan ate\u015fli silahlarla ilgili bir ba\u015fka soygunla sars\u0131ld\u0131.\u00a0<a href=\"http:\/\/tr.euronews.com\/2025\/12\/04\/buyukcekmecenin-ardindan-yeni-adliye-skandali-adalarda-12-silah-kayip\" target=\"_blank\" class=\"feedzy-rss-link-icon\">Read More<\/a><\/p>","protected":false},"excerpt":{"rendered":"<p>B\u00fcy\u00fck\u00e7ekmece Adliyesi\u2019ndeki adli emanette bulunan alt\u0131n ve g\u00fcm\u00fc\u015flerin \u00e7al\u0131nmas\u0131n\u0131n ard\u0131ndan T\u00fcrkiye, bu kez de Adalar Adliyesi&#8217;nin delil odas\u0131ndan \u00e7al\u0131nan ate\u015fli silahlarla ilgili bir ba\u015fka soygunla sars\u0131ld\u0131.B\u00fcy\u00fck\u00e7ekmece Adliyesi\u2019ndeki adli emanette bulunan alt\u0131n ve g\u00fcm\u00fc\u015flerin \u00e7al\u0131nmas\u0131n\u0131n ard\u0131ndan T\u00fcrkiye, bu kez de Adalar Adliyesi&#8217;nin delil odas\u0131ndan \u00e7al\u0131nan ate\u015fli silahlarla ilgili bir ba\u015fka soygunla sars\u0131ld\u0131.\u00a0Read More<\/p>\n","protected":false},"author":1,"featured_media":0,"comment_status":"open","ping_status":"open","sticky":false,"template":"","format":"standard","meta":{"footnotes":"","_links_to":"","_links_to_target":""},"categories":[1],"tags":[],"class_list":["post-12932","post","type-post","status-publish","format-standard","hentry","category-haberler"],"_links":{"self":[{"href":"https:\/\/www.abchukuk.com\/index.php\/wp-json\/wp\/v2\/posts\/12932","targetHints":{"allow":["GET"]}}],"collection":[{"href":"https:\/\/www.abchukuk.com\/index.php\/wp-json\/wp\/v2\/posts"}],"about":[{"href":"https:\/\/www.abchukuk.com\/index.php\/wp-json\/wp\/v2\/types\/post"}],"author":[{"embeddable":true,"href":"https:\/\/www.abchukuk.com\/index.php\/wp-json\/wp\/v2\/users\/1"}],"replies":[{"embeddable":true,"href":"https:\/\/www.abchukuk.com\/index.php\/wp-json\/wp\/v2\/comments?post=12932"}],"version-history":[{"count":0,"href":"https:\/\/www.abchukuk.com\/index.php\/wp-json\/wp\/v2\/posts\/12932\/revisions"}],"wp:attachment":[{"href":"https:\/\/www.abchukuk.com\/index.php\/wp-json\/wp\/v2\/media?parent=12932"}],"wp:term":[{"taxonomy":"category","embeddable":true,"href":"https:\/\/www.abchukuk.com\/index.php\/wp-json\/wp\/v2\/categories?post=12932"},{"taxonomy":"post_tag","embeddable":true,"href":"https:\/\/www.abchukuk.com\/index.php\/wp-json\/wp\/v2\/tags?post=12932"}],"curies":[{"name":"wp","href":"https:\/\/api.w.org\/{rel}","templated":true}]}}