{"id":12930,"date":"2025-12-04T15:00:00","date_gmt":"2025-12-04T15:00:00","guid":{"rendered":"https:\/\/www.abchukuk.com\/index.php\/2025\/12\/04\/kendine-muhabir-hasan-koksoy-cumhurbaskanina-hakaret-suclamasiyla-gozaltina-alindi\/"},"modified":"2025-12-04T15:00:00","modified_gmt":"2025-12-04T15:00:00","slug":"kendine-muhabir-hasan-koksoy-cumhurbaskanina-hakaret-suclamasiyla-gozaltina-alindi","status":"publish","type":"post","link":"https:\/\/www.abchukuk.com\/index.php\/2025\/12\/04\/kendine-muhabir-hasan-koksoy-cumhurbaskanina-hakaret-suclamasiyla-gozaltina-alindi\/","title":{"rendered":"&#8216;Kendine muhabir&#8217; Hasan K\u00f6ksoy, \u2018Cumhurba\u015fkan\u0131na hakaret\u2019 su\u00e7lamas\u0131yla g\u00f6zalt\u0131na al\u0131nd\u0131"},"content":{"rendered":"<p>&#8216;Kendine Muhabir&#8217; isimli Youtube kanal\u0131 \u00fczerinden sokak r\u00f6portajlar\u0131 yapan Hasan K\u00f6ksoy, &#8220;Cumhurba\u015fkan\u0131na hakaret&#8221; su\u00e7lamas\u0131yla g\u00f6zalt\u0131na al\u0131nd\u0131. K\u00f6ksoy, adli kontrol \u015fart\u0131yla serbest b\u0131rak\u0131ld\u0131.&#8217;Kendine Muhabir&#8217; isimli Youtube kanal\u0131 \u00fczerinden sokak r\u00f6portajlar\u0131 yapan Hasan K\u00f6ksoy, &#8220;Cumhurba\u015fkan\u0131na hakaret&#8221; su\u00e7lamas\u0131yla g\u00f6zalt\u0131na al\u0131nd\u0131. K\u00f6ksoy, adli kontrol \u015fart\u0131yla serbest b\u0131rak\u0131ld\u0131.\u00a0<a href=\"https:\/\/www.cumhuriyet.com.tr\/turkiye\/kendine-muhabir-hasan-koksoy-cumhurbaskanina-hakaret-suclamasiyla-gozaltina-alindi-2458583\" target=\"_blank\" class=\"feedzy-rss-link-icon\">Read More<\/a><\/p>","protected":false},"excerpt":{"rendered":"<p>&#8216;Kendine Muhabir&#8217; isimli Youtube kanal\u0131 \u00fczerinden sokak r\u00f6portajlar\u0131 yapan Hasan K\u00f6ksoy, &#8220;Cumhurba\u015fkan\u0131na hakaret&#8221; su\u00e7lamas\u0131yla g\u00f6zalt\u0131na al\u0131nd\u0131. K\u00f6ksoy, adli kontrol \u015fart\u0131yla serbest b\u0131rak\u0131ld\u0131.&#8217;Kendine Muhabir&#8217; isimli Youtube kanal\u0131 \u00fczerinden sokak r\u00f6portajlar\u0131 yapan Hasan K\u00f6ksoy, &#8220;Cumhurba\u015fkan\u0131na hakaret&#8221; su\u00e7lamas\u0131yla g\u00f6zalt\u0131na al\u0131nd\u0131. K\u00f6ksoy, adli kontrol \u015fart\u0131yla serbest b\u0131rak\u0131ld\u0131.\u00a0Read More<\/p>\n","protected":false},"author":1,"featured_media":12931,"comment_status":"open","ping_status":"open","sticky":false,"template":"","format":"standard","meta":{"footnotes":"","_links_to":"","_links_to_target":""},"categories":[1],"tags":[],"class_list":["post-12930","post","type-post","status-publish","format-standard","has-post-thumbnail","hentry","category-haberler"],"_links":{"self":[{"href":"https:\/\/www.abchukuk.com\/index.php\/wp-json\/wp\/v2\/posts\/12930","targetHints":{"allow":["GET"]}}],"collection":[{"href":"https:\/\/www.abchukuk.com\/index.php\/wp-json\/wp\/v2\/posts"}],"about":[{"href":"https:\/\/www.abchukuk.com\/index.php\/wp-json\/wp\/v2\/types\/post"}],"author":[{"embeddable":true,"href":"https:\/\/www.abchukuk.com\/index.php\/wp-json\/wp\/v2\/users\/1"}],"replies":[{"embeddable":true,"href":"https:\/\/www.abchukuk.com\/index.php\/wp-json\/wp\/v2\/comments?post=12930"}],"version-history":[{"count":0,"href":"https:\/\/www.abchukuk.com\/index.php\/wp-json\/wp\/v2\/posts\/12930\/revisions"}],"wp:featuredmedia":[{"embeddable":true,"href":"https:\/\/www.abchukuk.com\/index.php\/wp-json\/wp\/v2\/media\/12931"}],"wp:attachment":[{"href":"https:\/\/www.abchukuk.com\/index.php\/wp-json\/wp\/v2\/media?parent=12930"}],"wp:term":[{"taxonomy":"category","embeddable":true,"href":"https:\/\/www.abchukuk.com\/index.php\/wp-json\/wp\/v2\/categories?post=12930"},{"taxonomy":"post_tag","embeddable":true,"href":"https:\/\/www.abchukuk.com\/index.php\/wp-json\/wp\/v2\/tags?post=12930"}],"curies":[{"name":"wp","href":"https:\/\/api.w.org\/{rel}","templated":true}]}}