{"id":12928,"date":"2025-12-04T15:28:00","date_gmt":"2025-12-04T15:28:00","guid":{"rendered":"https:\/\/www.abchukuk.com\/index.php\/2025\/12\/04\/son-dakika-ibb-sorusturmasinda-19-kisi-tahliye-edildi-murat-ongunun-bacanagi-da-aralarinda\/"},"modified":"2025-12-04T15:28:00","modified_gmt":"2025-12-04T15:28:00","slug":"son-dakika-ibb-sorusturmasinda-19-kisi-tahliye-edildi-murat-ongunun-bacanagi-da-aralarinda","status":"publish","type":"post","link":"https:\/\/www.abchukuk.com\/index.php\/2025\/12\/04\/son-dakika-ibb-sorusturmasinda-19-kisi-tahliye-edildi-murat-ongunun-bacanagi-da-aralarinda\/","title":{"rendered":"Son Dakika&#8230; \u0130BB soru\u015fturmas\u0131nda 19 ki\u015fi tahliye edildi: Murat Ongun\u2019un bacana\u011f\u0131 da aralar\u0131nda!"},"content":{"rendered":"<p>\u0130BB soru\u015fturmas\u0131nda iddianamede yer almayan tutuklu 21 ki\u015fiden 19&#8217;u hakk\u0131nda tahliye karar\u0131 verildi. Tahliye karar\u0131 verilen isimler aras\u0131nda, Murat Ongun\u2019un bacana\u011f\u0131 \u0130brahim Can Yaman da yer al\u0131yor. Tutukluluklar\u0131n\u0131n devam\u0131na karar verilen isimler ise, Ekrem \u0130mamo\u011flu\u2019nun \u015fof\u00f6rleri Recep Cebeci ve Zekai K\u0131rat.\u0130BB soru\u015fturmas\u0131nda iddianamede yer almayan tutuklu 21 ki\u015fiden 19&#8217;u hakk\u0131nda tahliye karar\u0131 verildi. Tahliye karar\u0131 verilen isimler aras\u0131nda, Murat Ongun\u2019un bacana\u011f\u0131 \u0130brahim Can Yaman da yer al\u0131yor. Tutukluluklar\u0131n\u0131n devam\u0131na karar verilen isimler ise, Ekrem \u0130mamo\u011flu\u2019nun \u015fof\u00f6rleri Recep Cebeci ve Zekai K\u0131rat.\u00a0<a href=\"https:\/\/www.cumhuriyet.com.tr\/siyaset\/son-dakika-ibb-sorusturmasinda-19-kisi-tahliye-edildi-2458589\" target=\"_blank\" class=\"feedzy-rss-link-icon\">Read More<\/a><\/p>","protected":false},"excerpt":{"rendered":"<p>\u0130BB soru\u015fturmas\u0131nda iddianamede yer almayan tutuklu 21 ki\u015fiden 19&#8217;u hakk\u0131nda tahliye karar\u0131 verildi. Tahliye karar\u0131 verilen isimler aras\u0131nda, Murat Ongun\u2019un bacana\u011f\u0131 \u0130brahim Can Yaman da yer al\u0131yor. Tutukluluklar\u0131n\u0131n devam\u0131na karar verilen isimler ise, Ekrem \u0130mamo\u011flu\u2019nun \u015fof\u00f6rleri Recep Cebeci ve Zekai K\u0131rat.\u0130BB soru\u015fturmas\u0131nda iddianamede yer almayan tutuklu 21 ki\u015fiden 19&#8217;u hakk\u0131nda tahliye karar\u0131 verildi. Tahliye karar\u0131 [&hellip;]<\/p>\n","protected":false},"author":1,"featured_media":12929,"comment_status":"open","ping_status":"open","sticky":false,"template":"","format":"standard","meta":{"footnotes":"","_links_to":"","_links_to_target":""},"categories":[1],"tags":[],"class_list":["post-12928","post","type-post","status-publish","format-standard","has-post-thumbnail","hentry","category-haberler"],"_links":{"self":[{"href":"https:\/\/www.abchukuk.com\/index.php\/wp-json\/wp\/v2\/posts\/12928","targetHints":{"allow":["GET"]}}],"collection":[{"href":"https:\/\/www.abchukuk.com\/index.php\/wp-json\/wp\/v2\/posts"}],"about":[{"href":"https:\/\/www.abchukuk.com\/index.php\/wp-json\/wp\/v2\/types\/post"}],"author":[{"embeddable":true,"href":"https:\/\/www.abchukuk.com\/index.php\/wp-json\/wp\/v2\/users\/1"}],"replies":[{"embeddable":true,"href":"https:\/\/www.abchukuk.com\/index.php\/wp-json\/wp\/v2\/comments?post=12928"}],"version-history":[{"count":0,"href":"https:\/\/www.abchukuk.com\/index.php\/wp-json\/wp\/v2\/posts\/12928\/revisions"}],"wp:featuredmedia":[{"embeddable":true,"href":"https:\/\/www.abchukuk.com\/index.php\/wp-json\/wp\/v2\/media\/12929"}],"wp:attachment":[{"href":"https:\/\/www.abchukuk.com\/index.php\/wp-json\/wp\/v2\/media?parent=12928"}],"wp:term":[{"taxonomy":"category","embeddable":true,"href":"https:\/\/www.abchukuk.com\/index.php\/wp-json\/wp\/v2\/categories?post=12928"},{"taxonomy":"post_tag","embeddable":true,"href":"https:\/\/www.abchukuk.com\/index.php\/wp-json\/wp\/v2\/tags?post=12928"}],"curies":[{"name":"wp","href":"https:\/\/api.w.org\/{rel}","templated":true}]}}