{"id":12918,"date":"2025-12-04T13:38:00","date_gmt":"2025-12-04T13:38:00","guid":{"rendered":"https:\/\/www.abchukuk.com\/index.php\/2025\/12\/04\/buyukcekmece-adliyesinde-vurgun-firari-supheli-hakkinda-kirmizi-bulten-talebi\/"},"modified":"2025-12-04T13:38:00","modified_gmt":"2025-12-04T13:38:00","slug":"buyukcekmece-adliyesinde-vurgun-firari-supheli-hakkinda-kirmizi-bulten-talebi","status":"publish","type":"post","link":"https:\/\/www.abchukuk.com\/index.php\/2025\/12\/04\/buyukcekmece-adliyesinde-vurgun-firari-supheli-hakkinda-kirmizi-bulten-talebi\/","title":{"rendered":"B\u00fcy\u00fck\u00e7ekmece Adliyesi&#8217;nde vurgun: Firari \u015f\u00fcpheli hakk\u0131nda k\u0131rm\u0131z\u0131 b\u00fclten talebi"},"content":{"rendered":"<p>B\u00fcy\u00fck\u00e7ekmece Adliyesi&#8217;ndeki emanet b\u00fcrosundan iddiaya g\u00f6re, adliyede g\u00f6revli memur Erdal T. taraf\u0131ndan 25 kilogram alt\u0131n ve 50 kilogram g\u00fcm\u00fc\u015f \u00e7al\u0131nd\u0131. Ya\u015fanan h\u0131rs\u0131zl\u0131k olay\u0131yla ilgili \u0130ngiltere&#8217;ye ka\u00e7t\u0131\u011f\u0131 belirlenen firari \u015f\u00fcpheli Erdal T. hakk\u0131nda k\u0131rm\u0131z\u0131 b\u00fcltenle arama talep edildi.B\u00fcy\u00fck\u00e7ekmece Adliyesi&#8217;ndeki emanet b\u00fcrosundan iddiaya g\u00f6re, adliyede g\u00f6revli memur Erdal T. taraf\u0131ndan 25 kilogram alt\u0131n ve 50 kilogram g\u00fcm\u00fc\u015f \u00e7al\u0131nd\u0131. Ya\u015fanan h\u0131rs\u0131zl\u0131k olay\u0131yla ilgili \u0130ngiltere&#8217;ye ka\u00e7t\u0131\u011f\u0131 belirlenen firari \u015f\u00fcpheli Erdal T. hakk\u0131nda k\u0131rm\u0131z\u0131 b\u00fcltenle arama talep edildi.\u00a0<a href=\"https:\/\/www.cumhuriyet.com.tr\/turkiye\/buyukcekmece-adliyesi-nde-vurgun-firari-supheli-hakkinda-kirmizi-bulten-talebi-2458549\" target=\"_blank\" class=\"feedzy-rss-link-icon\">Read More<\/a><\/p>","protected":false},"excerpt":{"rendered":"<p>B\u00fcy\u00fck\u00e7ekmece Adliyesi&#8217;ndeki emanet b\u00fcrosundan iddiaya g\u00f6re, adliyede g\u00f6revli memur Erdal T. taraf\u0131ndan 25 kilogram alt\u0131n ve 50 kilogram g\u00fcm\u00fc\u015f \u00e7al\u0131nd\u0131. Ya\u015fanan h\u0131rs\u0131zl\u0131k olay\u0131yla ilgili \u0130ngiltere&#8217;ye ka\u00e7t\u0131\u011f\u0131 belirlenen firari \u015f\u00fcpheli Erdal T. hakk\u0131nda k\u0131rm\u0131z\u0131 b\u00fcltenle arama talep edildi.B\u00fcy\u00fck\u00e7ekmece Adliyesi&#8217;ndeki emanet b\u00fcrosundan iddiaya g\u00f6re, adliyede g\u00f6revli memur Erdal T. taraf\u0131ndan 25 kilogram alt\u0131n ve 50 kilogram g\u00fcm\u00fc\u015f [&hellip;]<\/p>\n","protected":false},"author":1,"featured_media":12919,"comment_status":"open","ping_status":"open","sticky":false,"template":"","format":"standard","meta":{"footnotes":"","_links_to":"","_links_to_target":""},"categories":[1],"tags":[],"class_list":["post-12918","post","type-post","status-publish","format-standard","has-post-thumbnail","hentry","category-haberler"],"_links":{"self":[{"href":"https:\/\/www.abchukuk.com\/index.php\/wp-json\/wp\/v2\/posts\/12918","targetHints":{"allow":["GET"]}}],"collection":[{"href":"https:\/\/www.abchukuk.com\/index.php\/wp-json\/wp\/v2\/posts"}],"about":[{"href":"https:\/\/www.abchukuk.com\/index.php\/wp-json\/wp\/v2\/types\/post"}],"author":[{"embeddable":true,"href":"https:\/\/www.abchukuk.com\/index.php\/wp-json\/wp\/v2\/users\/1"}],"replies":[{"embeddable":true,"href":"https:\/\/www.abchukuk.com\/index.php\/wp-json\/wp\/v2\/comments?post=12918"}],"version-history":[{"count":0,"href":"https:\/\/www.abchukuk.com\/index.php\/wp-json\/wp\/v2\/posts\/12918\/revisions"}],"wp:featuredmedia":[{"embeddable":true,"href":"https:\/\/www.abchukuk.com\/index.php\/wp-json\/wp\/v2\/media\/12919"}],"wp:attachment":[{"href":"https:\/\/www.abchukuk.com\/index.php\/wp-json\/wp\/v2\/media?parent=12918"}],"wp:term":[{"taxonomy":"category","embeddable":true,"href":"https:\/\/www.abchukuk.com\/index.php\/wp-json\/wp\/v2\/categories?post=12918"},{"taxonomy":"post_tag","embeddable":true,"href":"https:\/\/www.abchukuk.com\/index.php\/wp-json\/wp\/v2\/tags?post=12918"}],"curies":[{"name":"wp","href":"https:\/\/api.w.org\/{rel}","templated":true}]}}