{"id":12912,"date":"2025-12-04T11:37:37","date_gmt":"2025-12-04T11:37:37","guid":{"rendered":"https:\/\/www.abchukuk.com\/index.php\/2025\/12\/04\/buyukcekmece-adliyesindeki-soygun-sorusturmasinda-yeni-gelisme-kirmizi-bulten-talep-edildi\/"},"modified":"2025-12-04T11:37:37","modified_gmt":"2025-12-04T11:37:37","slug":"buyukcekmece-adliyesindeki-soygun-sorusturmasinda-yeni-gelisme-kirmizi-bulten-talep-edildi","status":"publish","type":"post","link":"https:\/\/www.abchukuk.com\/index.php\/2025\/12\/04\/buyukcekmece-adliyesindeki-soygun-sorusturmasinda-yeni-gelisme-kirmizi-bulten-talep-edildi\/","title":{"rendered":"B\u00fcy\u00fck\u00e7ekmece Adliyesi&#8217;ndeki soygun soru\u015fturmas\u0131nda yeni geli\u015fme: K\u0131rm\u0131z\u0131 b\u00fclten talep edildi"},"content":{"rendered":"<p>B\u00fcy\u00fck\u00e7ekmece Adliyesi&#8217;nde adli emanetindeki soygunla ilgili soru\u015fturma geni\u015f \u00e7apl\u0131 s\u00fcrd\u00fcr\u00fcl\u00fcyor. Firari \u015f\u00fcpheli Erdal Timurta\u015f hakk\u0131nda k\u0131rm\u0131z\u0131 b\u00fcltenle arama talep edilirken, \u015f\u00fcphelilerin ba\u011flant\u0131l\u0131 oldu\u011fu ki\u015filerin tespit edilmesine y\u00f6nelik soru\u015fturma derinle\u015ftirildi.B\u00fcy\u00fck\u00e7ekmece Adliyesi&#8217;nde adli emanetindeki soygunla ilgili soru\u015fturma geni\u015f \u00e7apl\u0131 s\u00fcrd\u00fcr\u00fcl\u00fcyor. Firari \u015f\u00fcpheli Erdal Timurta\u015f hakk\u0131nda k\u0131rm\u0131z\u0131 b\u00fcltenle arama talep edilirken, \u015f\u00fcphelilerin ba\u011flant\u0131l\u0131 oldu\u011fu ki\u015filerin tespit edilmesine y\u00f6nelik soru\u015fturma derinle\u015ftirildi.\u00a0<a href=\"https:\/\/anlatilaninotesi.com.tr\/20251204\/buyukcekmece-adliyesindeki-soygun-sorusturmasinda-yeni-gelisme-kirmizi-bulten-cikarildi-1101545445.html\" target=\"_blank\" class=\"feedzy-rss-link-icon\">Read More<\/a><\/p>","protected":false},"excerpt":{"rendered":"<p>B\u00fcy\u00fck\u00e7ekmece Adliyesi&#8217;nde adli emanetindeki soygunla ilgili soru\u015fturma geni\u015f \u00e7apl\u0131 s\u00fcrd\u00fcr\u00fcl\u00fcyor. Firari \u015f\u00fcpheli Erdal Timurta\u015f hakk\u0131nda k\u0131rm\u0131z\u0131 b\u00fcltenle arama talep edilirken, \u015f\u00fcphelilerin ba\u011flant\u0131l\u0131 oldu\u011fu ki\u015filerin tespit edilmesine y\u00f6nelik soru\u015fturma derinle\u015ftirildi.B\u00fcy\u00fck\u00e7ekmece Adliyesi&#8217;nde adli emanetindeki soygunla ilgili soru\u015fturma geni\u015f \u00e7apl\u0131 s\u00fcrd\u00fcr\u00fcl\u00fcyor. Firari \u015f\u00fcpheli Erdal Timurta\u015f hakk\u0131nda k\u0131rm\u0131z\u0131 b\u00fcltenle arama talep edilirken, \u015f\u00fcphelilerin ba\u011flant\u0131l\u0131 oldu\u011fu ki\u015filerin tespit edilmesine y\u00f6nelik [&hellip;]<\/p>\n","protected":false},"author":1,"featured_media":0,"comment_status":"open","ping_status":"open","sticky":false,"template":"","format":"standard","meta":{"footnotes":"","_links_to":"","_links_to_target":""},"categories":[1],"tags":[],"class_list":["post-12912","post","type-post","status-publish","format-standard","hentry","category-haberler"],"_links":{"self":[{"href":"https:\/\/www.abchukuk.com\/index.php\/wp-json\/wp\/v2\/posts\/12912","targetHints":{"allow":["GET"]}}],"collection":[{"href":"https:\/\/www.abchukuk.com\/index.php\/wp-json\/wp\/v2\/posts"}],"about":[{"href":"https:\/\/www.abchukuk.com\/index.php\/wp-json\/wp\/v2\/types\/post"}],"author":[{"embeddable":true,"href":"https:\/\/www.abchukuk.com\/index.php\/wp-json\/wp\/v2\/users\/1"}],"replies":[{"embeddable":true,"href":"https:\/\/www.abchukuk.com\/index.php\/wp-json\/wp\/v2\/comments?post=12912"}],"version-history":[{"count":0,"href":"https:\/\/www.abchukuk.com\/index.php\/wp-json\/wp\/v2\/posts\/12912\/revisions"}],"wp:attachment":[{"href":"https:\/\/www.abchukuk.com\/index.php\/wp-json\/wp\/v2\/media?parent=12912"}],"wp:term":[{"taxonomy":"category","embeddable":true,"href":"https:\/\/www.abchukuk.com\/index.php\/wp-json\/wp\/v2\/categories?post=12912"},{"taxonomy":"post_tag","embeddable":true,"href":"https:\/\/www.abchukuk.com\/index.php\/wp-json\/wp\/v2\/tags?post=12912"}],"curies":[{"name":"wp","href":"https:\/\/api.w.org\/{rel}","templated":true}]}}