{"id":12907,"date":"2025-12-04T12:05:27","date_gmt":"2025-12-04T12:05:27","guid":{"rendered":"https:\/\/www.abchukuk.com\/index.php\/2025\/12\/04\/tarsus-adliyesini-ziyaret-eden-hsk-uyesi-hakan-yuksel-kapimiz-herkese-acik\/"},"modified":"2025-12-04T12:05:27","modified_gmt":"2025-12-04T12:05:27","slug":"tarsus-adliyesini-ziyaret-eden-hsk-uyesi-hakan-yuksel-kapimiz-herkese-acik","status":"publish","type":"post","link":"https:\/\/www.abchukuk.com\/index.php\/2025\/12\/04\/tarsus-adliyesini-ziyaret-eden-hsk-uyesi-hakan-yuksel-kapimiz-herkese-acik\/","title":{"rendered":"Tarsus adliyesini ziyaret eden HSK \u00fcyesi Hakan Y\u00fcksel: \u201cKap\u0131m\u0131z herkese a\u00e7\u0131k\u201d"},"content":{"rendered":"<p>HSK 1.Daire \u00fcyesi Hakan Y\u00fcksel Tarsus Adliyesine ziyaret ger\u00e7ekle\u015ftirdi. Y\u00fcksel, Tarsus Cumhuriyet Ba\u015fsavc\u0131s\u0131 Orhan Kaya, Adalet Komisyonu Ba\u015fkan\u0131 Hac\u0131 Mustafa Akbucak, Cumhuriyet ba\u015fsavc\u0131 vekili Murat K\u00fc\u00e7\u00fck ve hakim ve savc\u0131lar taraf\u0131ndan kap\u0131da kar\u015f\u0131land\u0131.<\/p>\n<p><a href=\"https:\/\/www.son.tv\/wp-content\/uploads\/2025\/12\/WhatsApp-Image-2025-12-04-at-14.26.39-1-1.jpeg\"><img fetchpriority=\"high\" decoding=\"async\" class=\"alignnone size-large wp-image-165772\" src=\"https:\/\/www.son.tv\/wp-content\/uploads\/2025\/12\/WhatsApp-Image-2025-12-04-at-14.26.39-1-1-1024x740.jpeg\" alt=\"\" width=\"1024\" height=\"740\" \/><\/a><\/p>\n<p>Tarsus Cumhuriyet Ba\u015fsavc\u0131s\u0131 Orhan Kaya ve Adalet Komisyonu Ba\u015fkan\u0131 Hac\u0131 Mustafa Akbucak\u2019\u0131 makam\u0131nda ziyaret eden Y\u00fcksel, adliyedeki g\u00f6revli hakim ve savc\u0131larla Konferans Salonu\u2019nda bir araya geldi. Y\u00fcksel, konferans salonunda yapm\u0131\u015f oldu\u011fu konu\u015fmada, \u201cRandevu sistemi kalkt\u0131, Kap\u0131m\u0131z herkese a\u00e7\u0131k.\u201d \u0130fadelerini kulland\u0131.<\/p>\n<p><a href=\"https:\/\/www.son.tv\/wp-content\/uploads\/2025\/12\/WhatsApp-Image-2025-12-04-at-14.26.39-5.jpeg\"><img loading=\"lazy\" decoding=\"async\" loading=\"lazy\" class=\"alignnone size-large wp-image-165773\" src=\"https:\/\/www.son.tv\/wp-content\/uploads\/2025\/12\/WhatsApp-Image-2025-12-04-at-14.26.39-5-909x1024.jpeg\" alt=\"\" width=\"909\" height=\"1024\" \/><\/a> <a href=\"https:\/\/www.son.tv\/wp-content\/uploads\/2025\/12\/WhatsApp-Image-2025-12-04-at-14.26.39-4.jpeg\"><img loading=\"lazy\" decoding=\"async\" loading=\"lazy\" class=\"alignnone size-large wp-image-165774\" src=\"https:\/\/www.son.tv\/wp-content\/uploads\/2025\/12\/WhatsApp-Image-2025-12-04-at-14.26.39-4-790x1024.jpeg\" alt=\"\" width=\"790\" height=\"1024\" \/><\/a> <a href=\"https:\/\/www.son.tv\/wp-content\/uploads\/2025\/12\/WhatsApp-Image-2025-12-04-at-14.26.39-3.jpeg\"><img loading=\"lazy\" decoding=\"async\" loading=\"lazy\" class=\"alignnone size-large wp-image-165775\" src=\"https:\/\/www.son.tv\/wp-content\/uploads\/2025\/12\/WhatsApp-Image-2025-12-04-at-14.26.39-3-1024x682.jpeg\" alt=\"\" width=\"1024\" height=\"682\" \/><\/a> <a href=\"https:\/\/www.son.tv\/wp-content\/uploads\/2025\/12\/WhatsApp-Image-2025-12-04-at-14.26.39.jpeg\"><img loading=\"lazy\" decoding=\"async\" loading=\"lazy\" class=\"alignnone size-large wp-image-165776\" src=\"https:\/\/www.son.tv\/wp-content\/uploads\/2025\/12\/WhatsApp-Image-2025-12-04-at-14.26.39-570x1024.jpeg\" alt=\"\" width=\"570\" height=\"1024\" \/><\/a><\/p>\n<p>Hakimler ve Savc\u0131lar Kurulu (HSK) 1. Daire \u00fcyesi Hakan Y\u00fcksel Tarsus adliyesini ziyaret etti. Ziyarette adliyedeki g\u00f6revli hakim ve savc\u0131larla Konferans Salonu&#8217;nda bir araya gelen Y\u00fcksel, yapm\u0131\u015f oldu\u011fu konu\u015fmada \u201cRandevu sistemi kalkt\u0131, Kap\u0131m\u0131z herkese a\u00e7\u0131k.\u201d \u0130fadelerini kulland\u0131.\u00a0<a href=\"https:\/\/www.son.tv\/tarsus-adliyesini-ziyaret-eden-hsk-uyesi-hakan-yuksel-kapimiz-herkes-acik\/\" target=\"_blank\" class=\"feedzy-rss-link-icon\">Read More<\/a><\/p>","protected":false},"excerpt":{"rendered":"<p>HSK 1.Daire \u00fcyesi Hakan Y\u00fcksel Tarsus Adliyesine ziyaret ger\u00e7ekle\u015ftirdi. Y\u00fcksel, Tarsus Cumhuriyet Ba\u015fsavc\u0131s\u0131 Orhan Kaya, Adalet Komisyonu Ba\u015fkan\u0131 Hac\u0131 Mustafa Akbucak, Cumhuriyet ba\u015fsavc\u0131 vekili Murat K\u00fc\u00e7\u00fck ve hakim ve savc\u0131lar taraf\u0131ndan kap\u0131da kar\u015f\u0131land\u0131. Tarsus Cumhuriyet Ba\u015fsavc\u0131s\u0131 Orhan Kaya ve Adalet Komisyonu Ba\u015fkan\u0131 Hac\u0131 Mustafa Akbucak\u2019\u0131 makam\u0131nda ziyaret eden Y\u00fcksel, adliyedeki g\u00f6revli hakim ve savc\u0131larla Konferans [&hellip;]<\/p>\n","protected":false},"author":1,"featured_media":12908,"comment_status":"open","ping_status":"open","sticky":false,"template":"","format":"standard","meta":{"footnotes":"","_links_to":"","_links_to_target":""},"categories":[1],"tags":[],"class_list":["post-12907","post","type-post","status-publish","format-standard","has-post-thumbnail","hentry","category-haberler"],"_links":{"self":[{"href":"https:\/\/www.abchukuk.com\/index.php\/wp-json\/wp\/v2\/posts\/12907","targetHints":{"allow":["GET"]}}],"collection":[{"href":"https:\/\/www.abchukuk.com\/index.php\/wp-json\/wp\/v2\/posts"}],"about":[{"href":"https:\/\/www.abchukuk.com\/index.php\/wp-json\/wp\/v2\/types\/post"}],"author":[{"embeddable":true,"href":"https:\/\/www.abchukuk.com\/index.php\/wp-json\/wp\/v2\/users\/1"}],"replies":[{"embeddable":true,"href":"https:\/\/www.abchukuk.com\/index.php\/wp-json\/wp\/v2\/comments?post=12907"}],"version-history":[{"count":0,"href":"https:\/\/www.abchukuk.com\/index.php\/wp-json\/wp\/v2\/posts\/12907\/revisions"}],"wp:featuredmedia":[{"embeddable":true,"href":"https:\/\/www.abchukuk.com\/index.php\/wp-json\/wp\/v2\/media\/12908"}],"wp:attachment":[{"href":"https:\/\/www.abchukuk.com\/index.php\/wp-json\/wp\/v2\/media?parent=12907"}],"wp:term":[{"taxonomy":"category","embeddable":true,"href":"https:\/\/www.abchukuk.com\/index.php\/wp-json\/wp\/v2\/categories?post=12907"},{"taxonomy":"post_tag","embeddable":true,"href":"https:\/\/www.abchukuk.com\/index.php\/wp-json\/wp\/v2\/tags?post=12907"}],"curies":[{"name":"wp","href":"https:\/\/api.w.org\/{rel}","templated":true}]}}