{"id":12901,"date":"2025-12-04T12:08:00","date_gmt":"2025-12-04T12:08:00","guid":{"rendered":"https:\/\/www.abchukuk.com\/index.php\/2025\/12\/04\/adliye-emanetini-soyup-ingiltereye-kacan-memur-icin-kirmizi-bulten-talebi\/"},"modified":"2025-12-04T12:08:00","modified_gmt":"2025-12-04T12:08:00","slug":"adliye-emanetini-soyup-ingiltereye-kacan-memur-icin-kirmizi-bulten-talebi","status":"publish","type":"post","link":"https:\/\/www.abchukuk.com\/index.php\/2025\/12\/04\/adliye-emanetini-soyup-ingiltereye-kacan-memur-icin-kirmizi-bulten-talebi\/","title":{"rendered":"Adliye emanetini soyup \u0130ngiltere&#8217;ye ka\u00e7an memur i\u00e7in k\u0131rm\u0131z\u0131 b\u00fclten talebi"},"content":{"rendered":"<p>B\u00fcy\u00fck\u00e7ekmece Adliyesi Emanet B\u00fcrosundan, bir operasyonda ele ge\u00e7irilen 50 kilogram g\u00fcm\u00fc\u015f ve 25 kilogram alt\u0131n\u0131 \u00e7alarak \u0130ngiltere\u2019ye ka\u00e7an Erdal T.\u00a0 hakk\u0131nda savc\u0131l\u0131k k\u0131rm\u0131z\u0131 b\u00fclten talebinde bulundu. \u015e\u00fcphelinin annesi ise\u00a0o\u011flunun kullan\u0131ld\u0131\u011f\u0131n\u0131 s\u00f6yledi.\u00a0B\u00fcy\u00fck\u00e7ekmece Adliyesi Emanet B\u00fcrosundan, bir operasyonda ele ge\u00e7irilen 50 kilogram g\u00fcm\u00fc\u015f ve 25 kilogram alt\u0131n\u0131 \u00e7alarak \u0130ngiltere\u2019ye ka\u00e7an Erdal T.\u00a0 hakk\u0131nda savc\u0131l\u0131k k\u0131rm\u0131z\u0131 b\u00fclten talebinde bulundu. \u015e\u00fcphelinin annesi ise\u00a0o\u011flunun kullan\u0131ld\u0131\u011f\u0131n\u0131 s\u00f6yledi.\u00a0\u00a0<a href=\"https:\/\/www.dunya.com\/gundem\/adliye-emanetini-soyup-ingiltereye-kacan-memur-icin-kirmizi-bulten-talebi-haberi-805975\" target=\"_blank\" class=\"feedzy-rss-link-icon\">Read More<\/a><\/p>","protected":false},"excerpt":{"rendered":"<p>B\u00fcy\u00fck\u00e7ekmece Adliyesi Emanet B\u00fcrosundan, bir operasyonda ele ge\u00e7irilen 50 kilogram g\u00fcm\u00fc\u015f ve 25 kilogram alt\u0131n\u0131 \u00e7alarak \u0130ngiltere\u2019ye ka\u00e7an Erdal T.\u00a0 hakk\u0131nda savc\u0131l\u0131k k\u0131rm\u0131z\u0131 b\u00fclten talebinde bulundu. \u015e\u00fcphelinin annesi ise\u00a0o\u011flunun kullan\u0131ld\u0131\u011f\u0131n\u0131 s\u00f6yledi.\u00a0B\u00fcy\u00fck\u00e7ekmece Adliyesi Emanet B\u00fcrosundan, bir operasyonda ele ge\u00e7irilen 50 kilogram g\u00fcm\u00fc\u015f ve 25 kilogram alt\u0131n\u0131 \u00e7alarak \u0130ngiltere\u2019ye ka\u00e7an Erdal T.\u00a0 hakk\u0131nda savc\u0131l\u0131k k\u0131rm\u0131z\u0131 b\u00fclten talebinde [&hellip;]<\/p>\n","protected":false},"author":1,"featured_media":12902,"comment_status":"open","ping_status":"open","sticky":false,"template":"","format":"standard","meta":{"footnotes":"","_links_to":"","_links_to_target":""},"categories":[1],"tags":[],"class_list":["post-12901","post","type-post","status-publish","format-standard","has-post-thumbnail","hentry","category-haberler"],"_links":{"self":[{"href":"https:\/\/www.abchukuk.com\/index.php\/wp-json\/wp\/v2\/posts\/12901","targetHints":{"allow":["GET"]}}],"collection":[{"href":"https:\/\/www.abchukuk.com\/index.php\/wp-json\/wp\/v2\/posts"}],"about":[{"href":"https:\/\/www.abchukuk.com\/index.php\/wp-json\/wp\/v2\/types\/post"}],"author":[{"embeddable":true,"href":"https:\/\/www.abchukuk.com\/index.php\/wp-json\/wp\/v2\/users\/1"}],"replies":[{"embeddable":true,"href":"https:\/\/www.abchukuk.com\/index.php\/wp-json\/wp\/v2\/comments?post=12901"}],"version-history":[{"count":0,"href":"https:\/\/www.abchukuk.com\/index.php\/wp-json\/wp\/v2\/posts\/12901\/revisions"}],"wp:featuredmedia":[{"embeddable":true,"href":"https:\/\/www.abchukuk.com\/index.php\/wp-json\/wp\/v2\/media\/12902"}],"wp:attachment":[{"href":"https:\/\/www.abchukuk.com\/index.php\/wp-json\/wp\/v2\/media?parent=12901"}],"wp:term":[{"taxonomy":"category","embeddable":true,"href":"https:\/\/www.abchukuk.com\/index.php\/wp-json\/wp\/v2\/categories?post=12901"},{"taxonomy":"post_tag","embeddable":true,"href":"https:\/\/www.abchukuk.com\/index.php\/wp-json\/wp\/v2\/tags?post=12901"}],"curies":[{"name":"wp","href":"https:\/\/api.w.org\/{rel}","templated":true}]}}