{"id":12900,"date":"2025-12-04T12:15:29","date_gmt":"2025-12-04T12:15:29","guid":{"rendered":"https:\/\/www.abchukuk.com\/index.php\/2025\/12\/04\/fenerbahcenin-ilk-sampiyonluk-kupasi-satisa-cikmisti-kulup-harekete-gecti-hukuki-surec-baslatiliyor\/"},"modified":"2025-12-04T12:15:29","modified_gmt":"2025-12-04T12:15:29","slug":"fenerbahcenin-ilk-sampiyonluk-kupasi-satisa-cikmisti-kulup-harekete-gecti-hukuki-surec-baslatiliyor","status":"publish","type":"post","link":"https:\/\/www.abchukuk.com\/index.php\/2025\/12\/04\/fenerbahcenin-ilk-sampiyonluk-kupasi-satisa-cikmisti-kulup-harekete-gecti-hukuki-surec-baslatiliyor\/","title":{"rendered":"Fenerbah\u00e7e&#8217;nin ilk \u015fampiyonluk kupas\u0131 sat\u0131\u015fa \u00e7\u0131km\u0131\u015ft\u0131: Kul\u00fcp harekete ge\u00e7ti, hukuki s\u00fcre\u00e7 ba\u015flat\u0131l\u0131yor"},"content":{"rendered":"<p>Fenerbah\u00e7e&#8217;nin &#8216;ilk \u015fampiyonluk kupas\u0131&#8217;n\u0131n sat\u0131\u015fa \u00e7\u0131kar\u0131laca\u011f\u0131na y\u00f6nelik haberlerle ilgili kul\u00fcpten a\u00e7\u0131klama geldi. Kupa&#8217;n\u0131n orijinalli\u011finin \u015f\u00fcpheli oldu\u011fu belirtilirken hukuki s\u00fcre\u00e7 ba\u015flat\u0131laca\u011f\u0131 vurgusu yap\u0131ld\u0131.Fenerbah\u00e7e&#8217;nin &#8216;ilk \u015fampiyonluk kupas\u0131&#8217;n\u0131n sat\u0131\u015fa \u00e7\u0131kar\u0131laca\u011f\u0131na y\u00f6nelik haberlerle ilgili kul\u00fcpten a\u00e7\u0131klama geldi. Kupa&#8217;n\u0131n orijinalli\u011finin \u015f\u00fcpheli oldu\u011fu belirtilirken hukuki s\u00fcre\u00e7 ba\u015flat\u0131laca\u011f\u0131 vurgusu yap\u0131ld\u0131.\u00a0<a href=\"https:\/\/anlatilaninotesi.com.tr\/20251204\/fenerbahcenin-ilk-sampiyonluk-kupasi-satisa-cikmisti-kulup-harekete-gecti-hukuki-surec-baslatiliyor-1101547455.html\" target=\"_blank\" class=\"feedzy-rss-link-icon\">Read More<\/a><\/p>","protected":false},"excerpt":{"rendered":"<p>Fenerbah\u00e7e&#8217;nin &#8216;ilk \u015fampiyonluk kupas\u0131&#8217;n\u0131n sat\u0131\u015fa \u00e7\u0131kar\u0131laca\u011f\u0131na y\u00f6nelik haberlerle ilgili kul\u00fcpten a\u00e7\u0131klama geldi. Kupa&#8217;n\u0131n orijinalli\u011finin \u015f\u00fcpheli oldu\u011fu belirtilirken hukuki s\u00fcre\u00e7 ba\u015flat\u0131laca\u011f\u0131 vurgusu yap\u0131ld\u0131.Fenerbah\u00e7e&#8217;nin &#8216;ilk \u015fampiyonluk kupas\u0131&#8217;n\u0131n sat\u0131\u015fa \u00e7\u0131kar\u0131laca\u011f\u0131na y\u00f6nelik haberlerle ilgili kul\u00fcpten a\u00e7\u0131klama geldi. Kupa&#8217;n\u0131n orijinalli\u011finin \u015f\u00fcpheli oldu\u011fu belirtilirken hukuki s\u00fcre\u00e7 ba\u015flat\u0131laca\u011f\u0131 vurgusu yap\u0131ld\u0131.\u00a0Read More<\/p>\n","protected":false},"author":1,"featured_media":0,"comment_status":"open","ping_status":"open","sticky":false,"template":"","format":"standard","meta":{"footnotes":"","_links_to":"","_links_to_target":""},"categories":[1],"tags":[],"class_list":["post-12900","post","type-post","status-publish","format-standard","hentry","category-haberler"],"_links":{"self":[{"href":"https:\/\/www.abchukuk.com\/index.php\/wp-json\/wp\/v2\/posts\/12900","targetHints":{"allow":["GET"]}}],"collection":[{"href":"https:\/\/www.abchukuk.com\/index.php\/wp-json\/wp\/v2\/posts"}],"about":[{"href":"https:\/\/www.abchukuk.com\/index.php\/wp-json\/wp\/v2\/types\/post"}],"author":[{"embeddable":true,"href":"https:\/\/www.abchukuk.com\/index.php\/wp-json\/wp\/v2\/users\/1"}],"replies":[{"embeddable":true,"href":"https:\/\/www.abchukuk.com\/index.php\/wp-json\/wp\/v2\/comments?post=12900"}],"version-history":[{"count":0,"href":"https:\/\/www.abchukuk.com\/index.php\/wp-json\/wp\/v2\/posts\/12900\/revisions"}],"wp:attachment":[{"href":"https:\/\/www.abchukuk.com\/index.php\/wp-json\/wp\/v2\/media?parent=12900"}],"wp:term":[{"taxonomy":"category","embeddable":true,"href":"https:\/\/www.abchukuk.com\/index.php\/wp-json\/wp\/v2\/categories?post=12900"},{"taxonomy":"post_tag","embeddable":true,"href":"https:\/\/www.abchukuk.com\/index.php\/wp-json\/wp\/v2\/tags?post=12900"}],"curies":[{"name":"wp","href":"https:\/\/api.w.org\/{rel}","templated":true}]}}